{"id":247737,"date":"2024-09-26T16:09:05","date_gmt":"2024-09-26T19:09:05","guid":{"rendered":"https:\/\/www.redenoticia.com.br\/noticia\/?p=247737"},"modified":"2024-09-26T16:09:05","modified_gmt":"2024-09-26T19:09:05","slug":"resumo-a-caverna-encantada-27-09-o-grupo-luises-ganha-um-novo-nome","status":"publish","type":"post","link":"https:\/\/migracao.redenoticia.com.br\/noticia\/2024\/resumo-a-caverna-encantada-27-09-o-grupo-luises-ganha-um-novo-nome\/247737","title":{"rendered":"Resumo \u201cA Caverna Encantada\u201d 27\/09: o grupo Lu\u00edses ganha um novo nome"},"content":{"rendered":"<p> <img loading=\"lazy\" decoding=\"async\" src=\"https:\/\/migracao.redenoticia.com.br\/noticia\/imagens\/a-caverna-encantada-resumo-novela.jpg\" alt=\"\" width=\"1280\" height=\"720\" class=\"aligncenter size-full wp-image-246126\" srcset=\"https:\/\/migracao.redenoticia.com.br\/noticia\/imagens\/a-caverna-encantada-resumo-novela.jpg 1280w, https:\/\/migracao.redenoticia.com.br\/noticia\/imagens\/a-caverna-encantada-resumo-novela-250x140.jpg 250w, https:\/\/migracao.redenoticia.com.br\/noticia\/imagens\/a-caverna-encantada-resumo-novela-400x225.jpg 400w, https:\/\/migracao.redenoticia.com.br\/noticia\/imagens\/a-caverna-encantada-resumo-novela-768x432.jpg 768w, https:\/\/migracao.redenoticia.com.br\/noticia\/imagens\/a-caverna-encantada-resumo-novela-150x85.jpg 150w\" sizes=\"auto, (max-width: 1280px) 100vw, 1280px\" \/> <\/p>\n<p><strong><em>Resumo da novela \u201cA Caverna Encantada\u201d<\/em><\/strong> em 27\/09: no cap\u00edtulo 045(*) da novela, Norma decide pela obstru\u00e7\u00e3o da biblioteca. Gabriel nota que Pilar est\u00e1 com um papel mostrando poss\u00edveis pretendentes amorosos. Andr\u00e9 avisa aos amigos que vai sair dos Lu\u00edses, e Felipe e Rui comemoram. Uma grande mala chega ao col\u00e9gio, e Tonico notifica Anna de que o objeto pertence a Paulo. Norma diz para Anna n\u00e3o se aproximar e pede que C\u00e9sar inspecione o material.<\/p>\n<p>Com a lideran\u00e7a de Pedro, o grupo Lu\u00edses ganha um novo nome. Gabriel provoca C\u00e9sar. Lav\u00ednia aplica laxante em um peda\u00e7o de bolo destinado a Anna. Sem querer, Dalete leva o bolo para Norma. Elisa comenta com a diretora que acredita haver uma passagem secreta na biblioteca, mas Norma n\u00e3o leva em considera\u00e7\u00e3o. C\u00e9sar se declara a Pilar. Uma pessoa misteriosa entra na Caverna Encantada. <\/p>\n<p>(*) edi\u00e7\u00e3o das novelas do SBT, \u201cA Caverna Encantada\u201d, sujeito a altera\u00e7\u00e3o de data e conte\u00fado.<\/p>\n<p>Sinopse \u201cA Caverna Encantada\u201d: A trama conta a hist\u00f3ria de Anna, uma menina de 7 anos, filha do m\u00e9dico e tamb\u00e9m mission\u00e1rio Paulo. O pai recebe um chamado para uma miss\u00e3o perigosa e, infelizmente, Anna n\u00e3o poder\u00e1 acompanh\u00e1-lo. Paulo deixa a filha Anna num col\u00e9gio interno no interior de S\u00e3o Paulo, onde a garota vai conviver com crian\u00e7as bem diferentes. O pai garante voltar no dia do anivers\u00e1rio da filha, mas misteriosamente, n\u00e3o retorna. Anna decide investigar os motivos sobre o sumi\u00e7o do pai e descobre algumas coisas interessantes sobre seu passado.<\/p>\n","protected":false},"excerpt":{"rendered":"<p>Resumo da novela \u201cA Caverna Encantada\u201d em 27\/09: no cap\u00edtulo 045(*) da novela, Norma decide pela obstru\u00e7\u00e3o da biblioteca. Gabriel nota que Pilar est\u00e1 com um papel mostrando poss\u00edveis pretendentes amorosos. Andr\u00e9 avisa aos amigos que vai sair dos Lu\u00edses, e Felipe e Rui comemoram. Uma grande mala chega ao col\u00e9gio, e Tonico notifica Anna [&hellip;]<\/p>\n","protected":false},"author":4,"featured_media":246125,"comment_status":"closed","ping_status":"closed","sticky":false,"template":"","format":"standard","meta":{"tdm_status":"","tdm_grid_status":"","footnotes":""},"categories":[2331,379,2025,372,343],"tags":[441],"class_list":{"0":"post-247737","1":"post","2":"type-post","3":"status-publish","4":"format-standard","5":"has-post-thumbnail","7":"category-a-caverna-encantada","8":"category-novelas","9":"category-resumo","10":"category-sbt","11":"category-televisao","12":"tag-resumo-do-dia"},"_links":{"self":[{"href":"https:\/\/migracao.redenoticia.com.br\/noticia\/wp-json\/wp\/v2\/posts\/247737","targetHints":{"allow":["GET"]}}],"collection":[{"href":"https:\/\/migracao.redenoticia.com.br\/noticia\/wp-json\/wp\/v2\/posts"}],"about":[{"href":"https:\/\/migracao.redenoticia.com.br\/noticia\/wp-json\/wp\/v2\/types\/post"}],"author":[{"embeddable":true,"href":"https:\/\/migracao.redenoticia.com.br\/noticia\/wp-json\/wp\/v2\/users\/4"}],"replies":[{"embeddable":true,"href":"https:\/\/migracao.redenoticia.com.br\/noticia\/wp-json\/wp\/v2\/comments?post=247737"}],"version-history":[{"count":0,"href":"https:\/\/migracao.redenoticia.com.br\/noticia\/wp-json\/wp\/v2\/posts\/247737\/revisions"}],"wp:featuredmedia":[{"embeddable":true,"href":"https:\/\/migracao.redenoticia.com.br\/noticia\/wp-json\/wp\/v2\/media\/246125"}],"wp:attachment":[{"href":"https:\/\/migracao.redenoticia.com.br\/noticia\/wp-json\/wp\/v2\/media?parent=247737"}],"wp:term":[{"taxonomy":"category","embeddable":true,"href":"https:\/\/migracao.redenoticia.com.br\/noticia\/wp-json\/wp\/v2\/categories?post=247737"},{"taxonomy":"post_tag","embeddable":true,"href":"https:\/\/migracao.redenoticia.com.br\/noticia\/wp-json\/wp\/v2\/tags?post=247737"}],"curies":[{"name":"wp","href":"https:\/\/api.w.org\/{rel}","templated":true}]}}