{"id":247826,"date":"2024-09-29T09:08:47","date_gmt":"2024-09-29T12:08:47","guid":{"rendered":"https:\/\/www.redenoticia.com.br\/noticia\/?p=247826"},"modified":"2024-09-29T09:08:47","modified_gmt":"2024-09-29T12:08:47","slug":"resumo-cabocla-30-09-zuca-sai-para-encontrar-luis","status":"publish","type":"post","link":"https:\/\/migracao.redenoticia.com.br\/noticia\/2024\/resumo-cabocla-30-09-zuca-sai-para-encontrar-luis\/247826","title":{"rendered":"Resumo &#8220;Cabocla&#8221; 30\/09: Zuca sai para encontrar Lu\u00eds"},"content":{"rendered":"<p> <img loading=\"lazy\" decoding=\"async\" src=\"https:\/\/migracao.redenoticia.com.br\/noticia\/imagens\/cabocla-resumo-novela.jpg\" alt=\"\" width=\"1280\" height=\"720\" class=\"aligncenter size-full wp-image-246754\" srcset=\"https:\/\/migracao.redenoticia.com.br\/noticia\/imagens\/cabocla-resumo-novela.jpg 1280w, https:\/\/migracao.redenoticia.com.br\/noticia\/imagens\/cabocla-resumo-novela-250x140.jpg 250w, https:\/\/migracao.redenoticia.com.br\/noticia\/imagens\/cabocla-resumo-novela-400x225.jpg 400w, https:\/\/migracao.redenoticia.com.br\/noticia\/imagens\/cabocla-resumo-novela-768x432.jpg 768w, https:\/\/migracao.redenoticia.com.br\/noticia\/imagens\/cabocla-resumo-novela-150x85.jpg 150w\" sizes=\"auto, (max-width: 1280px) 100vw, 1280px\" \/>  <\/p>\n<p><em><strong>Resumo da novela &#8220;Cabocla&#8221;<\/strong><\/em> em 30\/09: no cap\u00edtulo 031(*) da novela, Belinha revela ao vig\u00e1rio que gosta de Neco, o que o deixa pasmo. Fel\u00edcio e sua fam\u00edlia voltam para suas terras. O vig\u00e1rio n\u00e3o deixa que Boanerges anuncie o noivado de Belinha, afirmando que ela decidiu que quer ser freira. Emerenciana fica furiosa com Belinha. Boanerges pergunta ao vig\u00e1rio por que ele inventou aquela mentira e ele afirma que estava pensando na felicidade de Belinha. Lu\u00eds revela a Mac\u00e1rio que Belinha na verdade est\u00e1 apaixonada por Neco. Zuca avisa a Lu\u00eds que em breve ter\u00e1 que voltar para casa e marca um encontro com ele. Boanerges decide dar uma li\u00e7\u00e3o em Belinha.<\/p>\n<p>Emerenciana consegue acalmar Boanerges. Zuca sai a cavalo para encontrar com Lu\u00eds. Neco aconselha Mariquinha a esquecer Tobias. Tobias encontra Zuca no caminho e a convida para passear com ele, impedindo-a de se encontrar com Lu\u00eds. Zuca fica chateada, mas disfar\u00e7a. Lu\u00eds v\u00ea os dois juntos e acha que foi melhor assim. Neco se decepciona ao ver que Belinha n\u00e3o lhe mandou uma resposta. <\/p>\n<p>Ritinha avisa a Nast\u00e1cio que ele ter\u00e1 que levar uma carta para Neco, e ele fica assustado. Zuca \u00e9 fria com Tobias. Nast\u00e1cio entrega a carta para Tom\u00e9. Belinha acusa Emerenciana de mago\u00e1-la por s\u00f3 fazer o que Boanerges manda. Ritinha v\u00ea Lu\u00eds e Zuca abra\u00e7ados. Neco diz a Boanerges que ele n\u00e3o deveria pagar aos caboclos em vales e sim em dinheiro, o que o deixa irritado. Ritinha fala para Zuca que vai contar a Tobias o que viu.  <\/p>\n<p>(*) edi\u00e7\u00e3o das novelas da Globo, &#8220;Cabocla&#8221;, sujeito a altera\u00e7\u00e3o de data e conte\u00fado.<\/p>\n<p>Sinopse \u201cCabocla\u201d: Lu\u00eds Jer\u00f4nimo \u00e9 um jovem mulherengo, descobre que est\u00e1 com uma les\u00e3o no pulm\u00e3o e decide passar uma temporada na fazenda de um primo em Vila da Mata, o coronel Boanerges. Ele logo se encanta por Zuca. Eles enfrentar\u00e3o muita resist\u00eancia por conta de Zuca ser noiva do teimoso e encrenqueiro pe\u00e3o Tobias. Pepa, apaixonada por Lu\u00eds, se estabelece na fazenda vizinha, de propriedade do coronel vi\u00favo Justino, inimigo pol\u00edtico do coronel Boanerges.<\/p>\n<p>Paralelamente a esse embate, acontece o amor entre Belinha e Neco. Ela \u00e9 filha de Boanerges e Emerenciana; ele, de Justino. Em meio a tudo isso, eis que os sentimentos de Mariquinha, filha do coronel Justino e irm\u00e3 de Neco, por Tobias afloraram, fazendo-os viverem um quarteto amoroso ao lado de Zuca e Lu\u00eds Jer\u00f4nimo. No decorrer da trama, Tom\u00e9 desiste de esperar Rosa e se apaixona por Tina, por\u00e9m acaba morrendo, v\u00edtima de um assassinato, e deixa Tina vi\u00fava e gr\u00e1vida dele.<\/p>\n","protected":false},"excerpt":{"rendered":"<p>Resumo da novela &#8220;Cabocla&#8221; em 30\/09: no cap\u00edtulo 031(*) da novela, Belinha revela ao vig\u00e1rio que gosta de Neco, o que o deixa pasmo. Fel\u00edcio e sua fam\u00edlia voltam para suas terras. O vig\u00e1rio n\u00e3o deixa que Boanerges anuncie o noivado de Belinha, afirmando que ela decidiu que quer ser freira. Emerenciana fica furiosa com [&hellip;]<\/p>\n","protected":false},"author":2,"featured_media":246755,"comment_status":"closed","ping_status":"closed","sticky":false,"template":"","format":"standard","meta":{"tdm_status":"","tdm_grid_status":"","footnotes":""},"categories":[2332,379,375,2025,343],"tags":[441],"class_list":{"0":"post-247826","1":"post","2":"type-post","3":"status-publish","4":"format-standard","5":"has-post-thumbnail","7":"category-cabocla","8":"category-novelas","9":"category-rede-globo","10":"category-resumo","11":"category-televisao","12":"tag-resumo-do-dia"},"_links":{"self":[{"href":"https:\/\/migracao.redenoticia.com.br\/noticia\/wp-json\/wp\/v2\/posts\/247826","targetHints":{"allow":["GET"]}}],"collection":[{"href":"https:\/\/migracao.redenoticia.com.br\/noticia\/wp-json\/wp\/v2\/posts"}],"about":[{"href":"https:\/\/migracao.redenoticia.com.br\/noticia\/wp-json\/wp\/v2\/types\/post"}],"author":[{"embeddable":true,"href":"https:\/\/migracao.redenoticia.com.br\/noticia\/wp-json\/wp\/v2\/users\/2"}],"replies":[{"embeddable":true,"href":"https:\/\/migracao.redenoticia.com.br\/noticia\/wp-json\/wp\/v2\/comments?post=247826"}],"version-history":[{"count":0,"href":"https:\/\/migracao.redenoticia.com.br\/noticia\/wp-json\/wp\/v2\/posts\/247826\/revisions"}],"wp:featuredmedia":[{"embeddable":true,"href":"https:\/\/migracao.redenoticia.com.br\/noticia\/wp-json\/wp\/v2\/media\/246755"}],"wp:attachment":[{"href":"https:\/\/migracao.redenoticia.com.br\/noticia\/wp-json\/wp\/v2\/media?parent=247826"}],"wp:term":[{"taxonomy":"category","embeddable":true,"href":"https:\/\/migracao.redenoticia.com.br\/noticia\/wp-json\/wp\/v2\/categories?post=247826"},{"taxonomy":"post_tag","embeddable":true,"href":"https:\/\/migracao.redenoticia.com.br\/noticia\/wp-json\/wp\/v2\/tags?post=247826"}],"curies":[{"name":"wp","href":"https:\/\/api.w.org\/{rel}","templated":true}]}}