{"id":247917,"date":"2024-10-02T14:08:05","date_gmt":"2024-10-02T17:08:05","guid":{"rendered":"https:\/\/www.redenoticia.com.br\/noticia\/?p=247917"},"modified":"2024-10-02T14:08:05","modified_gmt":"2024-10-02T17:08:05","slug":"resumo-alma-gemea-03-10-cristina-se-recusa-a-ir-embora","status":"publish","type":"post","link":"https:\/\/migracao.redenoticia.com.br\/noticia\/2024\/resumo-alma-gemea-03-10-cristina-se-recusa-a-ir-embora\/247917","title":{"rendered":"Resumo &#8220;Alma G\u00eamea&#8221; 03\/10: Cristina se recusa a ir embora"},"content":{"rendered":"<p> <img loading=\"lazy\" decoding=\"async\" src=\"https:\/\/migracao.redenoticia.com.br\/noticia\/imagens\/resumo-alma-gemea-logo-novela.jpg\" alt=\"\" width=\"1280\" height=\"720\" class=\"aligncenter size-full wp-image-244166\" srcset=\"https:\/\/migracao.redenoticia.com.br\/noticia\/imagens\/resumo-alma-gemea-logo-novela.jpg 1280w, https:\/\/migracao.redenoticia.com.br\/noticia\/imagens\/resumo-alma-gemea-logo-novela-250x140.jpg 250w, https:\/\/migracao.redenoticia.com.br\/noticia\/imagens\/resumo-alma-gemea-logo-novela-400x225.jpg 400w, https:\/\/migracao.redenoticia.com.br\/noticia\/imagens\/resumo-alma-gemea-logo-novela-768x432.jpg 768w, https:\/\/migracao.redenoticia.com.br\/noticia\/imagens\/resumo-alma-gemea-logo-novela-150x85.jpg 150w\" sizes=\"auto, (max-width: 1280px) 100vw, 1280px\" \/><\/p>\n<p><em><strong>Resumo da novela &#8220;Alma G\u00eamea&#8221;<\/strong><\/em> em 03\/10: no cap\u00edtulo 112(*) da novela, Cristina pega uma esp\u00e1tula e pensa em destruir o retrato de Luna, mas desiste ao ver Zulmira entrar no ateli\u00ea. Dalila confessa a Rafael que fez o exame de gravidez no lugar de Cristina. Rafael fica horrorizado. Felipe pede a Mirella para lhe dar outra chance. Mirella o manda esquec\u00ea-la. Vera conta para Adelaide que est\u00e1 muito doente e acha que n\u00e3o tem muito tempo de vida. Rafael pede que Eduardo o perdoe por ter desconfiado dele. Mirna promete a K\u00e1tia que n\u00e3o contar\u00e1 seu segredo a ningu\u00e9m. Generosa conta a Ol\u00edvia que viu Raul perto de sua casa no dia em que o dinheiro foi roubado. Ol\u00edvia avisa Raul que vai denunci\u00e1-lo ao delegado. Guto tenta mostrar a Alexandra onde est\u00e3o as j\u00f3ias, mas Eduardo o manda afastar-se dela. Rafael garante a Serena que se separar\u00e1 de Cristina. Serena pede que Rafael lhe d\u00ea uma prova de que sente amor por ela, e n\u00e3o apenas por Luna. Julian conta para Eduardo que Vera voltou e avisa que precisa dele. Alexandra ouve e chora. Rafael diz a Cristina que j\u00e1 descobriu tudo e a manda sair de sua casa.<\/p>\n<p>Cristina se recusa a ir embora, deixando Rafael pasmo. Felipe tenta conversar com Cristina, mas ela o insulta dizendo que jamais gostou dele. Felipe fica arrasado, pois acha que jamais foi amado por ningu\u00e9m. Rafael consola Felipe e afirma que v\u00e3o ter uma nova vida ao lado de Serena. Serena aconselha Ol\u00edvia a n\u00e3o acusar Raul de nada sem ter provas, pois isso magoar\u00e1 Mirella e Carlito. Vit\u00f3rio concorda e Ol\u00edvia fica encantada com a considera\u00e7\u00e3o dele. Vera mostra a Eduardo os exames que fez. Alexandra fica com ci\u00fames e deixa que Guto se aproxime dela. Julian percebe que Guto est\u00e1 pr\u00f3ximo de Alexandra e ordena que ele v\u00e1 embora. Agnes pede para Ciro se afastar dela e afirma que n\u00e3o quer sofrer outra vez. Bernardo se interessa por Of\u00e9lia. Ermelino avisa D\u00e9bora que Rafael n\u00e3o precisar\u00e1 dar dinheiro algum a Cristina se descobrir que ela est\u00e1 envolvida com outro homem. Serena v\u00ea a imagem de Luna no espelho. <\/p>\n<p>(*) edi\u00e7\u00e3o das novelas da Globo, &#8220;Alma G\u00eamea&#8221;, sujeito a altera\u00e7\u00e3o de data e conte\u00fado.<\/p>\n<p>Sinopse &#8220;Alma G\u00eamea&#8221;: Rafael e Luna casam-se e t\u00eam um filho, mas a felicidade \u00e9 invejada por Cristina. Em um passeio, Rafael reage a um assalto e um dos ladr\u00f5es, que \u00e9 conhecido de Cristina, atira. Luna morre. Enquanto Rafael se desespera com a perda de Luna, em um lugar bem distante dali, nasce a menina Serena, filha de uma \u00edndia com um garimpeiro. Ela cresce em uma aldeia ind\u00edgena e tem vis\u00f5es. <\/p>\n<p>Vinte anos se passam da morte de Luna. Serena consegue trabalho como empregada na mans\u00e3o de Rafael. Serena tem em seu corpo uma marca de nascen\u00e7a, no mesmo lugar em que Luna levou o tiro. A trama segue envolta em mist\u00e9rios e marcada por fatos inexplic\u00e1veis. Rafael passa a acreditar que Serena \u00e9 de fato a reencarna\u00e7\u00e3o de Luna, se apaixona por ela e a pede em casamento. Cristina e sua m\u00e3e D\u00e9bora percebem que Serena representa uma amea\u00e7a, e a novela segue com as duas tramando de tudo para separar os dois.<\/p>\n","protected":false},"excerpt":{"rendered":"<p>Resumo da novela &#8220;Alma G\u00eamea&#8221; em 03\/10: no cap\u00edtulo 112(*) da novela, Cristina pega uma esp\u00e1tula e pensa em destruir o retrato de Luna, mas desiste ao ver Zulmira entrar no ateli\u00ea. Dalila confessa a Rafael que fez o exame de gravidez no lugar de Cristina. Rafael fica horrorizado. Felipe pede a Mirella para lhe [&hellip;]<\/p>\n","protected":false},"author":5,"featured_media":244165,"comment_status":"closed","ping_status":"closed","sticky":false,"template":"","format":"standard","meta":{"tdm_status":"","tdm_grid_status":"","footnotes":""},"categories":[2328,379,375,2025,343],"tags":[441],"class_list":{"0":"post-247917","1":"post","2":"type-post","3":"status-publish","4":"format-standard","5":"has-post-thumbnail","7":"category-alma-gemea","8":"category-novelas","9":"category-rede-globo","10":"category-resumo","11":"category-televisao","12":"tag-resumo-do-dia"},"_links":{"self":[{"href":"https:\/\/migracao.redenoticia.com.br\/noticia\/wp-json\/wp\/v2\/posts\/247917","targetHints":{"allow":["GET"]}}],"collection":[{"href":"https:\/\/migracao.redenoticia.com.br\/noticia\/wp-json\/wp\/v2\/posts"}],"about":[{"href":"https:\/\/migracao.redenoticia.com.br\/noticia\/wp-json\/wp\/v2\/types\/post"}],"author":[{"embeddable":true,"href":"https:\/\/migracao.redenoticia.com.br\/noticia\/wp-json\/wp\/v2\/users\/5"}],"replies":[{"embeddable":true,"href":"https:\/\/migracao.redenoticia.com.br\/noticia\/wp-json\/wp\/v2\/comments?post=247917"}],"version-history":[{"count":0,"href":"https:\/\/migracao.redenoticia.com.br\/noticia\/wp-json\/wp\/v2\/posts\/247917\/revisions"}],"wp:featuredmedia":[{"embeddable":true,"href":"https:\/\/migracao.redenoticia.com.br\/noticia\/wp-json\/wp\/v2\/media\/244165"}],"wp:attachment":[{"href":"https:\/\/migracao.redenoticia.com.br\/noticia\/wp-json\/wp\/v2\/media?parent=247917"}],"wp:term":[{"taxonomy":"category","embeddable":true,"href":"https:\/\/migracao.redenoticia.com.br\/noticia\/wp-json\/wp\/v2\/categories?post=247917"},{"taxonomy":"post_tag","embeddable":true,"href":"https:\/\/migracao.redenoticia.com.br\/noticia\/wp-json\/wp\/v2\/tags?post=247917"}],"curies":[{"name":"wp","href":"https:\/\/api.w.org\/{rel}","templated":true}]}}