{"id":248179,"date":"2024-10-09T10:04:48","date_gmt":"2024-10-09T13:04:48","guid":{"rendered":"https:\/\/www.redenoticia.com.br\/noticia\/?p=248179"},"modified":"2024-10-09T10:04:48","modified_gmt":"2024-10-09T13:04:48","slug":"resumo-contigo-sim-10-10-samanta-pede-a-pablo-que-devolva-o-carro","status":"publish","type":"post","link":"https:\/\/migracao.redenoticia.com.br\/noticia\/2024\/resumo-contigo-sim-10-10-samanta-pede-a-pablo-que-devolva-o-carro\/248179","title":{"rendered":"Resumo \u201cContigo Sim\u201d 10\/10: Samanta pede a Pablo que devolva o carro"},"content":{"rendered":"<p> <img loading=\"lazy\" decoding=\"async\" src=\"https:\/\/migracao.redenoticia.com.br\/noticia\/imagens\/novela-contigo-sim-capitulo-resumo.jpg\" alt=\"\" width=\"1280\" height=\"720\" class=\"aligncenter size-full wp-image-243831\" srcset=\"https:\/\/migracao.redenoticia.com.br\/noticia\/imagens\/novela-contigo-sim-capitulo-resumo.jpg 1280w, https:\/\/migracao.redenoticia.com.br\/noticia\/imagens\/novela-contigo-sim-capitulo-resumo-250x140.jpg 250w, https:\/\/migracao.redenoticia.com.br\/noticia\/imagens\/novela-contigo-sim-capitulo-resumo-400x225.jpg 400w, https:\/\/migracao.redenoticia.com.br\/noticia\/imagens\/novela-contigo-sim-capitulo-resumo-768x432.jpg 768w, https:\/\/migracao.redenoticia.com.br\/noticia\/imagens\/novela-contigo-sim-capitulo-resumo-150x85.jpg 150w\" sizes=\"auto, (max-width: 1280px) 100vw, 1280px\" \/>    <\/p>\n<p><strong><em>Resumo da novela \u201cContigo Sim\u201d<\/em><\/strong> em 10\/10: no cap\u00edtulo 124(*) da novela, \u00c1lvaro come\u00e7a a recuperar a vis\u00e3o, a pol\u00edcia consegue encontrar \u00c1ngela, mas Leonardo pede ao inspetor Garc\u00eda que chame uma ambul\u00e2ncia j\u00e1 que ela est\u00e1 muito delicada, F\u00e9lix consegue fugir do hospital. Leonardo consegue levar \u00c1ngela ao hospital para evitar que ela seja detida, Mirta tem certeza de que Leonardo est\u00e1 escondendo \u00c1ngela e Alma planeja deixar o pa\u00eds para que I\u00f1aki registre o beb\u00ea como sua filha. \u00c1ngela consegue se reencontrar com seu beb\u00ea, Samanta zomba de sua situa\u00e7\u00e3o pois tem certeza de que em breve estar\u00e1 atr\u00e1s das grades e \u00c1ngela \u00e9 presa.<\/p>\n<p>Samanta pede a Pablo que devolva o carro que seu pai lhe deixou, ele recusa, mas ela amea\u00e7a coloc\u00e1-lo na cadeia, Leonardo acredita que Samanta j\u00e1 comprou as autoridades e avisa, Luz informa a Leonardo e a Dar\u00edo sobre o dinheiro que viu da Mirta. \u00c1ngela pede a \u00c1lvaro que desista dela e implora que ele n\u00e3o tente ajud\u00e1-la agora que tem problemas com as autoridades. Adela procura Samanta para question\u00e1-la sobre a posi\u00e7\u00e3o em que ela deixa o nome dos pais. \u00c1lvaro garante a Leonardo que \u00c1ngela precisa deles juntos, ent\u00e3o ele se prop\u00f5e a fazer as pazes para ajudar a mulher que amam. Alma se comunica com Leonardo e garante que seu beb\u00ea est\u00e1 em perigo. \u00c1lvaro faz uma confiss\u00e3o para Clarita e Mirta culpa \u00c1ngela pelo que est\u00e1 acontecendo. <\/p>\n<p>(*) edi\u00e7\u00e3o das novelas do SBT, \u201cContigo Sim\u201d, sujeito a altera\u00e7\u00e3o de data e conte\u00fado.<\/p>\n<p>Sinopse: \u201cContigo Sim\u201d conta a hist\u00f3ria de \u00c1ngela (Alejandra Robles Gil), que \u00e9 enfermeira e estudante de medicina. Ela \u00e9 seduzida por \u00c1lvaro (Danilo Carrera), um jovem ambicioso que visita sua cidade em viagem de neg\u00f3cios para construir um hospital. \u00c1ngela e \u00c1lvaro se casam, mas ele a abandona e volta para a Cidade do M\u00e9xico, onde fica noivo de Samantha (B\u00e1rbara Islas) e se casa com ela tamb\u00e9m. \u00c1ngela decide ir para a Cidade do M\u00e9xico em busca de \u00c1lvaro, ela descobre o engano e conhece Leonardo (Brandon Peniche), um m\u00e9dico que se apaixona por ela e passa a ser seu protetor. \u00c1ngela lutar\u00e1 incansavelmente contra as adversidades do destino, na busca pelo amor verdadeiro.<\/p>\n","protected":false},"excerpt":{"rendered":"<p>Resumo da novela \u201cContigo Sim\u201d em 10\/10: no cap\u00edtulo 124(*) da novela, \u00c1lvaro come\u00e7a a recuperar a vis\u00e3o, a pol\u00edcia consegue encontrar \u00c1ngela, mas Leonardo pede ao inspetor Garc\u00eda que chame uma ambul\u00e2ncia j\u00e1 que ela est\u00e1 muito delicada, F\u00e9lix consegue fugir do hospital. Leonardo consegue levar \u00c1ngela ao hospital para evitar que ela seja [&hellip;]<\/p>\n","protected":false},"author":3,"featured_media":243830,"comment_status":"closed","ping_status":"closed","sticky":false,"template":"","format":"standard","meta":{"tdm_status":"","tdm_grid_status":"","footnotes":""},"categories":[2327,379,2025,372,343],"tags":[441],"class_list":{"0":"post-248179","1":"post","2":"type-post","3":"status-publish","4":"format-standard","5":"has-post-thumbnail","7":"category-contigo-sim","8":"category-novelas","9":"category-resumo","10":"category-sbt","11":"category-televisao","12":"tag-resumo-do-dia"},"_links":{"self":[{"href":"https:\/\/migracao.redenoticia.com.br\/noticia\/wp-json\/wp\/v2\/posts\/248179","targetHints":{"allow":["GET"]}}],"collection":[{"href":"https:\/\/migracao.redenoticia.com.br\/noticia\/wp-json\/wp\/v2\/posts"}],"about":[{"href":"https:\/\/migracao.redenoticia.com.br\/noticia\/wp-json\/wp\/v2\/types\/post"}],"author":[{"embeddable":true,"href":"https:\/\/migracao.redenoticia.com.br\/noticia\/wp-json\/wp\/v2\/users\/3"}],"replies":[{"embeddable":true,"href":"https:\/\/migracao.redenoticia.com.br\/noticia\/wp-json\/wp\/v2\/comments?post=248179"}],"version-history":[{"count":0,"href":"https:\/\/migracao.redenoticia.com.br\/noticia\/wp-json\/wp\/v2\/posts\/248179\/revisions"}],"wp:featuredmedia":[{"embeddable":true,"href":"https:\/\/migracao.redenoticia.com.br\/noticia\/wp-json\/wp\/v2\/media\/243830"}],"wp:attachment":[{"href":"https:\/\/migracao.redenoticia.com.br\/noticia\/wp-json\/wp\/v2\/media?parent=248179"}],"wp:term":[{"taxonomy":"category","embeddable":true,"href":"https:\/\/migracao.redenoticia.com.br\/noticia\/wp-json\/wp\/v2\/categories?post=248179"},{"taxonomy":"post_tag","embeddable":true,"href":"https:\/\/migracao.redenoticia.com.br\/noticia\/wp-json\/wp\/v2\/tags?post=248179"}],"curies":[{"name":"wp","href":"https:\/\/api.w.org\/{rel}","templated":true}]}}