{"id":248448,"date":"2024-10-15T14:44:47","date_gmt":"2024-10-15T17:44:47","guid":{"rendered":"https:\/\/www.redenoticia.com.br\/noticia\/?p=248448"},"modified":"2024-10-15T14:44:47","modified_gmt":"2024-10-15T17:44:47","slug":"resumo-alma-gemea-16-10-raul-contrata-baltazar","status":"publish","type":"post","link":"https:\/\/migracao.redenoticia.com.br\/noticia\/2024\/resumo-alma-gemea-16-10-raul-contrata-baltazar\/248448","title":{"rendered":"Resumo &#8220;Alma G\u00eamea&#8221; 16\/10: Raul contrata Baltazar"},"content":{"rendered":"<p> <img loading=\"lazy\" decoding=\"async\" src=\"https:\/\/migracao.redenoticia.com.br\/noticia\/imagens\/resumo-alma-gemea-logo-novela.jpg\" alt=\"\" width=\"1280\" height=\"720\" class=\"aligncenter size-full wp-image-244166\" srcset=\"https:\/\/migracao.redenoticia.com.br\/noticia\/imagens\/resumo-alma-gemea-logo-novela.jpg 1280w, https:\/\/migracao.redenoticia.com.br\/noticia\/imagens\/resumo-alma-gemea-logo-novela-250x140.jpg 250w, https:\/\/migracao.redenoticia.com.br\/noticia\/imagens\/resumo-alma-gemea-logo-novela-400x225.jpg 400w, https:\/\/migracao.redenoticia.com.br\/noticia\/imagens\/resumo-alma-gemea-logo-novela-768x432.jpg 768w, https:\/\/migracao.redenoticia.com.br\/noticia\/imagens\/resumo-alma-gemea-logo-novela-150x85.jpg 150w\" sizes=\"auto, (max-width: 1280px) 100vw, 1280px\" \/><\/p>\n<p><em><strong>Resumo da novela &#8220;Alma G\u00eamea&#8221;<\/strong><\/em> em 16\/10: no cap\u00edtulo 121(*) da novela, Judith percebe que Rafael est\u00e1 com um ferimento na boca que n\u00e3o tinha antes. Of\u00e9lia conta que o mendigo \u00e9 o falecido e que, por ele a ter abandonado por uma dan\u00e7arina, preferiu dizer a todos que ele havia morrido. Vit\u00f3rio se recusa a trabalhar para Raul, que n\u00e3o sabe onde vai encontrar outro cozinheiro para o restaurante. Adelaide diz a Agnes que, para que Cristina e D\u00e9bora fiquem sem nada, vai passar tudo que tem para o nome de Serena. Judith ajuda Serena a entrar no quarto de Rafael. Rafael move um dedo e toca a m\u00e3o de Serena.<\/p>\n<p>Serena garante a Rafael que vai encontrar uma maneira de tir\u00e1-lo dali. Ela pede a Rafael para n\u00e3o deixar ningu\u00e9m descobrir que ele est\u00e1 ficando melhor. Cristina se dirige ao quarto de Rafael, mas Serena consegue se esconder. O falecido critica Osvaldo, pois n\u00e3o gosta de saber que Divina \u00e9 obrigada a ter uma pens\u00e3o para se sustentar. Ermelino fala para Raul que seu sobrinho, Baltazar, \u00e9 cozinheiro. Raul o contrata para trabalhar no restaurante. O falecido deixa claro que vai querer dormir ao lado de Of\u00e9lia, que j\u00e1 adianta que s\u00f3 dormir\u00e1 com ele quando tiver um quarto. Vit\u00f3rio n\u00e3o permite que Jorge durma mais na pens\u00e3o. Jorge pede abrigo a Elias. Cristina come a comida de Rafael e o deixa com fome. Baltazar chega ao restaurante carregado de livros de culin\u00e1ria. Serena pede que Bernardo a deixe esconder Rafael em seu s\u00edtio e ele concorda. Cristina fala para Raul que quer vender as terras do roseiral o mais r\u00e1pido poss\u00edvel.  <\/p>\n<p>(*) edi\u00e7\u00e3o das novelas da Globo, &#8220;Alma G\u00eamea&#8221;, sujeito a altera\u00e7\u00e3o de data e conte\u00fado.<\/p>\n<p>Sinopse &#8220;Alma G\u00eamea&#8221;: Rafael e Luna casam-se e t\u00eam um filho, mas a felicidade \u00e9 invejada por Cristina. Em um passeio, Rafael reage a um assalto e um dos ladr\u00f5es, que \u00e9 conhecido de Cristina, atira. Luna morre. Enquanto Rafael se desespera com a perda de Luna, em um lugar bem distante dali, nasce a menina Serena, filha de uma \u00edndia com um garimpeiro. Ela cresce em uma aldeia ind\u00edgena e tem vis\u00f5es. <\/p>\n<p>Vinte anos se passam da morte de Luna. Serena consegue trabalho como empregada na mans\u00e3o de Rafael. Serena tem em seu corpo uma marca de nascen\u00e7a, no mesmo lugar em que Luna levou o tiro. A trama segue envolta em mist\u00e9rios e marcada por fatos inexplic\u00e1veis. Rafael passa a acreditar que Serena \u00e9 de fato a reencarna\u00e7\u00e3o de Luna, se apaixona por ela e a pede em casamento. Cristina e sua m\u00e3e D\u00e9bora percebem que Serena representa uma amea\u00e7a, e a novela segue com as duas tramando de tudo para separar os dois.<\/p>\n","protected":false},"excerpt":{"rendered":"<p>Resumo da novela &#8220;Alma G\u00eamea&#8221; em 16\/10: no cap\u00edtulo 121(*) da novela, Judith percebe que Rafael est\u00e1 com um ferimento na boca que n\u00e3o tinha antes. Of\u00e9lia conta que o mendigo \u00e9 o falecido e que, por ele a ter abandonado por uma dan\u00e7arina, preferiu dizer a todos que ele havia morrido. Vit\u00f3rio se recusa [&hellip;]<\/p>\n","protected":false},"author":5,"featured_media":244165,"comment_status":"closed","ping_status":"closed","sticky":false,"template":"","format":"standard","meta":{"tdm_status":"","tdm_grid_status":"","footnotes":""},"categories":[2328,379,375,2025,343],"tags":[441],"class_list":{"0":"post-248448","1":"post","2":"type-post","3":"status-publish","4":"format-standard","5":"has-post-thumbnail","7":"category-alma-gemea","8":"category-novelas","9":"category-rede-globo","10":"category-resumo","11":"category-televisao","12":"tag-resumo-do-dia"},"_links":{"self":[{"href":"https:\/\/migracao.redenoticia.com.br\/noticia\/wp-json\/wp\/v2\/posts\/248448","targetHints":{"allow":["GET"]}}],"collection":[{"href":"https:\/\/migracao.redenoticia.com.br\/noticia\/wp-json\/wp\/v2\/posts"}],"about":[{"href":"https:\/\/migracao.redenoticia.com.br\/noticia\/wp-json\/wp\/v2\/types\/post"}],"author":[{"embeddable":true,"href":"https:\/\/migracao.redenoticia.com.br\/noticia\/wp-json\/wp\/v2\/users\/5"}],"replies":[{"embeddable":true,"href":"https:\/\/migracao.redenoticia.com.br\/noticia\/wp-json\/wp\/v2\/comments?post=248448"}],"version-history":[{"count":0,"href":"https:\/\/migracao.redenoticia.com.br\/noticia\/wp-json\/wp\/v2\/posts\/248448\/revisions"}],"wp:featuredmedia":[{"embeddable":true,"href":"https:\/\/migracao.redenoticia.com.br\/noticia\/wp-json\/wp\/v2\/media\/244165"}],"wp:attachment":[{"href":"https:\/\/migracao.redenoticia.com.br\/noticia\/wp-json\/wp\/v2\/media?parent=248448"}],"wp:term":[{"taxonomy":"category","embeddable":true,"href":"https:\/\/migracao.redenoticia.com.br\/noticia\/wp-json\/wp\/v2\/categories?post=248448"},{"taxonomy":"post_tag","embeddable":true,"href":"https:\/\/migracao.redenoticia.com.br\/noticia\/wp-json\/wp\/v2\/tags?post=248448"}],"curies":[{"name":"wp","href":"https:\/\/api.w.org\/{rel}","templated":true}]}}