{"id":248474,"date":"2024-10-16T10:07:34","date_gmt":"2024-10-16T13:07:34","guid":{"rendered":"https:\/\/www.redenoticia.com.br\/noticia\/?p=248474"},"modified":"2024-10-16T10:07:34","modified_gmt":"2024-10-16T13:07:34","slug":"resumo-mania-de-voce-17-10-mercia-diz-a-ruda-que-luma-esta-chantageando-mavi","status":"publish","type":"post","link":"https:\/\/migracao.redenoticia.com.br\/noticia\/2024\/resumo-mania-de-voce-17-10-mercia-diz-a-ruda-que-luma-esta-chantageando-mavi\/248474","title":{"rendered":"Resumo &#8220;Mania de Voc\u00ea&#8221; 17\/10: M\u00e9rcia diz a Rud\u00e1 que Luma est\u00e1 chantageando Mavi"},"content":{"rendered":"<p> <img loading=\"lazy\" decoding=\"async\" src=\"https:\/\/migracao.redenoticia.com.br\/noticia\/imagens\/resumo-mania-de-voce-novela-globo.jpg\" alt=\"\" width=\"1280\" height=\"720\" class=\"aligncenter size-full wp-image-247027\" srcset=\"https:\/\/migracao.redenoticia.com.br\/noticia\/imagens\/resumo-mania-de-voce-novela-globo.jpg 1280w, https:\/\/migracao.redenoticia.com.br\/noticia\/imagens\/resumo-mania-de-voce-novela-globo-250x140.jpg 250w, https:\/\/migracao.redenoticia.com.br\/noticia\/imagens\/resumo-mania-de-voce-novela-globo-400x225.jpg 400w, https:\/\/migracao.redenoticia.com.br\/noticia\/imagens\/resumo-mania-de-voce-novela-globo-768x432.jpg 768w, https:\/\/migracao.redenoticia.com.br\/noticia\/imagens\/resumo-mania-de-voce-novela-globo-150x85.jpg 150w\" sizes=\"auto, (max-width: 1280px) 100vw, 1280px\" \/> <\/p>\n<p><strong><em>Resumo da novela &#8220;Mania de Voc\u00ea&#8221;<\/em><\/strong> em 17\/10: no cap\u00edtulo 034(*) da novela, M\u00e9rcia se recusa a sentar \u00e0 mesa, deixando os convidados constrangidos. Bruna termina o namoro com Tom\u00e1s. \u00cdsis n\u00e3o se importa com uma not\u00edcia dada por Michele. Robson n\u00e3o gosta de ser repreendido por Viola. Luma conta a Rud\u00e1 que Mavi e Viola v\u00e3o se casar. Viola diz a Mavi que se incomodou com o pedido de casamento na frente de todos. M\u00e9rcia amea\u00e7a colocar Mavi na cadeia. \u00cdsis pede a Berta para n\u00e3o contar a Tom\u00e1s que ele tinha um av\u00f4. M\u00e9rcia implora ajuda a Luma para impedir que Mavi se case com Viola. Luma deixa claro a M\u00e9rcia que n\u00e3o quer que ela se meta em seu relacionamento com Rud\u00e1. M\u00e9rcia diz a Rud\u00e1 que Luma est\u00e1 chantageando Mavi e tirando dinheiro do filho.<\/p>\n<p>Rud\u00e1 fica perturbado com as informa\u00e7\u00f5es de M\u00e9rcia sobre as arma\u00e7\u00f5es de Luma e Mavi para afast\u00e1-lo de Viola. Rud\u00e1 desconfia dos presentes que Luma lhe d\u00e1. M\u00e9rcia amea\u00e7a prejudicar Mavi, se ele a expulsar da cobertura. Evelyn prefere manter a rela\u00e7\u00e3o com Tom\u00e1s em segredo. \u00cdsis percebe que Evelyn n\u00e3o est\u00e1 sintonizada com as atitudes dos pais. Michele comenta com Cristiano seu desespero sobre d\u00edvidas deixadas pelo pai. Diana reage ao ci\u00fame de Hugo. Dhu fica encantada com Leo Caravelli e acaba desmaiando. M\u00e9rcia se aproxima de Iber\u00ea. Rud\u00e1 confessa a Moema que n\u00e3o sabe mais em quem confiar. Moema aconselha o neto a se preocupar em provar sua inoc\u00eancia. Rud\u00e1 descobre que os brincos comprados por Luma s\u00e3o joias caras. Rud\u00e1 surpreende Mavi. <\/p>\n<p>(*) edi\u00e7\u00e3o das novelas da Globo, &#8220;Mania de Voc\u00ea&#8221;, sujeito a altera\u00e7\u00e3o de data e conte\u00fado.<\/p>\n<p>Sinopse &#8220;Mania de Voc\u00ea&#8221;: Viola (Gabz) e Luma (Agatha Moreira), duas mulheres que nasceram no mesmo dia e se conhecem anos mais tarde, unidas por coincid\u00eancias que v\u00e3o al\u00e9m da data de anivers\u00e1rio. Uma jornada que as inclui num quarteto amoroso com Mavi (Chay Suede) e Rud\u00e1 (Nicolas Prattes) e que ser\u00e1 dividida entre a cumplicidade e a rivalidade, impactada por uma s\u00e9rie de circunst\u00e2ncias, como o segredo em torno de um assassinato. Como pano de fundo, o universo da gastronomia e o cen\u00e1rio da natureza paradis\u00edaca de Angra dos Reis.<\/p>\n<p>Na segunda fase de &#8220;Mania de Voc\u00ea&#8221;, que se passa 10 anos ap\u00f3s o assassinato de Molina (Rodrigo Lombardi), novos personagens aparecem na trama criada e escrita por Jo\u00e3o Emanuel Carneiro, com dire\u00e7\u00e3o art\u00edstica de Carlos Araujo. \u00c9 o caso da fam\u00edlia de Leidi (Thalita Carauta), que surge nos primeiros cap\u00edtulos da novela, mas retorna ao lado da fam\u00edlia na segunda fase, transformando a luxuosa rotina de \u00cdsis (Mariana Ximenes) em um pesadelo c\u00f4mico. <\/p>\n","protected":false},"excerpt":{"rendered":"<p>Resumo da novela &#8220;Mania de Voc\u00ea&#8221; em 17\/10: no cap\u00edtulo 034(*) da novela, M\u00e9rcia se recusa a sentar \u00e0 mesa, deixando os convidados constrangidos. Bruna termina o namoro com Tom\u00e1s. \u00cdsis n\u00e3o se importa com uma not\u00edcia dada por Michele. Robson n\u00e3o gosta de ser repreendido por Viola. Luma conta a Rud\u00e1 que Mavi e [&hellip;]<\/p>\n","protected":false},"author":2,"featured_media":247026,"comment_status":"closed","ping_status":"closed","sticky":false,"template":"","format":"standard","meta":{"tdm_status":"","tdm_grid_status":"","footnotes":""},"categories":[2333,379,375,2025,343],"tags":[441],"class_list":{"0":"post-248474","1":"post","2":"type-post","3":"status-publish","4":"format-standard","5":"has-post-thumbnail","7":"category-mania-de-voce","8":"category-novelas","9":"category-rede-globo","10":"category-resumo","11":"category-televisao","12":"tag-resumo-do-dia"},"_links":{"self":[{"href":"https:\/\/migracao.redenoticia.com.br\/noticia\/wp-json\/wp\/v2\/posts\/248474","targetHints":{"allow":["GET"]}}],"collection":[{"href":"https:\/\/migracao.redenoticia.com.br\/noticia\/wp-json\/wp\/v2\/posts"}],"about":[{"href":"https:\/\/migracao.redenoticia.com.br\/noticia\/wp-json\/wp\/v2\/types\/post"}],"author":[{"embeddable":true,"href":"https:\/\/migracao.redenoticia.com.br\/noticia\/wp-json\/wp\/v2\/users\/2"}],"replies":[{"embeddable":true,"href":"https:\/\/migracao.redenoticia.com.br\/noticia\/wp-json\/wp\/v2\/comments?post=248474"}],"version-history":[{"count":0,"href":"https:\/\/migracao.redenoticia.com.br\/noticia\/wp-json\/wp\/v2\/posts\/248474\/revisions"}],"wp:featuredmedia":[{"embeddable":true,"href":"https:\/\/migracao.redenoticia.com.br\/noticia\/wp-json\/wp\/v2\/media\/247026"}],"wp:attachment":[{"href":"https:\/\/migracao.redenoticia.com.br\/noticia\/wp-json\/wp\/v2\/media?parent=248474"}],"wp:term":[{"taxonomy":"category","embeddable":true,"href":"https:\/\/migracao.redenoticia.com.br\/noticia\/wp-json\/wp\/v2\/categories?post=248474"},{"taxonomy":"post_tag","embeddable":true,"href":"https:\/\/migracao.redenoticia.com.br\/noticia\/wp-json\/wp\/v2\/tags?post=248474"}],"curies":[{"name":"wp","href":"https:\/\/api.w.org\/{rel}","templated":true}]}}