{"id":248556,"date":"2024-10-17T14:20:50","date_gmt":"2024-10-17T17:20:50","guid":{"rendered":"https:\/\/www.redenoticia.com.br\/noticia\/?p=248556"},"modified":"2024-10-17T14:20:50","modified_gmt":"2024-10-17T17:20:50","slug":"resumo-alma-gemea-18-10-eduardo-e-serena-decidem-remover-rafael","status":"publish","type":"post","link":"https:\/\/migracao.redenoticia.com.br\/noticia\/2024\/resumo-alma-gemea-18-10-eduardo-e-serena-decidem-remover-rafael\/248556","title":{"rendered":"Resumo &#8220;Alma G\u00eamea&#8221; 18\/10: Eduardo e Serena decidem remover Rafael"},"content":{"rendered":"<p> <img loading=\"lazy\" decoding=\"async\" src=\"https:\/\/migracao.redenoticia.com.br\/noticia\/imagens\/resumo-alma-gemea-logo-novela.jpg\" alt=\"\" width=\"1280\" height=\"720\" class=\"aligncenter size-full wp-image-244166\" srcset=\"https:\/\/migracao.redenoticia.com.br\/noticia\/imagens\/resumo-alma-gemea-logo-novela.jpg 1280w, https:\/\/migracao.redenoticia.com.br\/noticia\/imagens\/resumo-alma-gemea-logo-novela-250x140.jpg 250w, https:\/\/migracao.redenoticia.com.br\/noticia\/imagens\/resumo-alma-gemea-logo-novela-400x225.jpg 400w, https:\/\/migracao.redenoticia.com.br\/noticia\/imagens\/resumo-alma-gemea-logo-novela-768x432.jpg 768w, https:\/\/migracao.redenoticia.com.br\/noticia\/imagens\/resumo-alma-gemea-logo-novela-150x85.jpg 150w\" sizes=\"auto, (max-width: 1280px) 100vw, 1280px\" \/><\/p>\n<p><em><strong>Resumo da novela &#8220;Alma G\u00eamea&#8221;<\/strong><\/em> em 18\/10: no cap\u00edtulo 123(*) da novela, Luna explica a Serena que Alexandra sabe sobre as j\u00f3ias. D\u00e9bora encontra Cristina e Ivan no quarto de Rafael. Ela manda que Ivan se esconda para n\u00e3o ser visto por Felipe e Eduardo. Ivan se esconde no quarto de Felipe e come\u00e7a a mexer nas roupas dele. Eduardo percebe que o estado de Rafael n\u00e3o est\u00e1 bom. H\u00e9lio explica que a fam\u00edlia de Sabina tem posses e o falecido, imediatamente, a abra\u00e7a. Felipe entra em seu quarto e encontra Ivan usando suas roupas. Carlito exige que Vit\u00f3rio lhe d\u00ea algod\u00e3o-doce, mas eles n\u00e3o se entendem. Raul v\u00ea e leva Carlito para morar com ele. Ivan diz a Felipe que achou que ele n\u00e3o queria mais aquelas roupas. Felipe vai embora furioso. Cristina n\u00e3o gosta da atitude de Ivan e o enfrenta. Ivan n\u00e3o se intimida e ainda chama a aten\u00e7\u00e3o de Cristina. D\u00e9bora diz a Cristina que suspeita de Judith. Cristina n\u00e3o d\u00e1 muito cr\u00e9dito \u00e0s desconfian\u00e7as da m\u00e3e. Dalila e Roberval saem da pens\u00e3o. Ol\u00edvia vai com Ab\u00edlio at\u00e9 o restaurante para exigir Carlito de volta. Cristina acha que Rafael se mexeu. Alexandra diz a Serena que ouve uma voz que lhe pede para procurar as j\u00f3ias.<\/p>\n<p>Alexandra conta para Serena que as j\u00f3ias est\u00e3o escondidas perto da locomotiva. Cristina garante a D\u00e9bora que Rafael vai aprender a am\u00e1-la, pois ele est\u00e1 sentindo a falta que seu amor lhe faz. D\u00e9bora percebe que Cristina est\u00e1 perdendo o ju\u00edzo. Of\u00e9lia \u00e9 obrigada a dormir ao lado do falecido, mas exige que Joli fique entre eles. Carlito fala para Ol\u00edvia que s\u00f3 voltar\u00e1 a morar com ela se ela terminar com Vit\u00f3rio. Ol\u00edvia fica furiosa e diz a Carlito que ele pode ficar com Raul. Raul n\u00e3o gosta, pois na realidade s\u00f3 queria tentar tira vantagem de Ol\u00edvia. Baltazar confessa para K\u00e1tia que n\u00e3o sabe cozinhar e, para que ningu\u00e9m descubra sua fraqueza e n\u00e3o tenha coragem de reclamar, decide fazer um prato bem sofisticado. Os clientes, com vergonha de admitir que nunca comeram um prato chique, fingem gostar da comida de Baltazar. Sabina fica chateada com o preconceito da fam\u00edlia de H\u00e9lio e decide partir sem avisar a ningu\u00e9m. Judith conta para Eduardo que Cristina n\u00e3o est\u00e1 cuidando bem de Rafael. Raul e Cristina se preparam para vender o roseiral, mas o comprador diz que h\u00e1 um problema. Judith percebe que Rafael est\u00e1 com muita febre. Serena diz a Eduardo que eles precisam tirar Rafael de perto de Cristina.<\/p>\n<p> Eduardo e Serena decidem remover Rafael naquela noite mesmo. O comprador explica para Cristina que Felipe deve assinar a venda das terras do roseiral, ou o documento n\u00e3o valer\u00e1 nada. Vera comenta com Felipe que perdeu a vontade de viver. Felipe pede para Julian ajudar Vera. Vit\u00f3rio diz a Ab\u00edlio que, se ele achar que a situa\u00e7\u00e3o de Ol\u00edvia est\u00e1 realmente desesperadora, ele a abandonar\u00e1 para que ela possa voltar para Raul. Serena e H\u00e9lio pedem a ajuda de Roberval para remover Rafael. Dalila quer saber aonde Roberval vai, mas ele explica que \u00e9 segredo. Raul fala para Felipe que Rafael est\u00e1 numa situa\u00e7\u00e3o financeira dif\u00edcil e afirma que a \u00fanica solu\u00e7\u00e3o \u00e9 vender o roseiral. Julian faz outra sess\u00e3o com Alexandra. Alexandra incorpora o esp\u00edrito de sua m\u00e3e, que pede para ela n\u00e3o se sentir culpada pelo que aconteceu. Alexandra fica emocionada ao saber da mensagem e conta para Julian que seu pai abandonou sua m\u00e3e quando ela nasceu. Felipe diz a Raul que precisa pensar. D\u00e9bora manda Ivan vigiar Judith. Crispim decide perdoar K\u00e1tia, mas desiste ao saber que Jorge est\u00e1 morando com ela. Eduardo e Serena chegam \u00e0 casa de Rafael.  <\/p>\n<p>(*) edi\u00e7\u00e3o das novelas da Globo, &#8220;Alma G\u00eamea&#8221;, sujeito a altera\u00e7\u00e3o de data e conte\u00fado.<\/p>\n<p>Sinopse &#8220;Alma G\u00eamea&#8221;: Rafael e Luna casam-se e t\u00eam um filho, mas a felicidade \u00e9 invejada por Cristina. Em um passeio, Rafael reage a um assalto e um dos ladr\u00f5es, que \u00e9 conhecido de Cristina, atira. Luna morre. Enquanto Rafael se desespera com a perda de Luna, em um lugar bem distante dali, nasce a menina Serena, filha de uma \u00edndia com um garimpeiro. Ela cresce em uma aldeia ind\u00edgena e tem vis\u00f5es. <\/p>\n<p>Vinte anos se passam da morte de Luna. Serena consegue trabalho como empregada na mans\u00e3o de Rafael. Serena tem em seu corpo uma marca de nascen\u00e7a, no mesmo lugar em que Luna levou o tiro. A trama segue envolta em mist\u00e9rios e marcada por fatos inexplic\u00e1veis. Rafael passa a acreditar que Serena \u00e9 de fato a reencarna\u00e7\u00e3o de Luna, se apaixona por ela e a pede em casamento. Cristina e sua m\u00e3e D\u00e9bora percebem que Serena representa uma amea\u00e7a, e a novela segue com as duas tramando de tudo para separar os dois.<\/p>\n","protected":false},"excerpt":{"rendered":"<p>Resumo da novela &#8220;Alma G\u00eamea&#8221; em 18\/10: no cap\u00edtulo 123(*) da novela, Luna explica a Serena que Alexandra sabe sobre as j\u00f3ias. D\u00e9bora encontra Cristina e Ivan no quarto de Rafael. Ela manda que Ivan se esconda para n\u00e3o ser visto por Felipe e Eduardo. Ivan se esconde no quarto de Felipe e come\u00e7a a [&hellip;]<\/p>\n","protected":false},"author":5,"featured_media":244165,"comment_status":"closed","ping_status":"closed","sticky":false,"template":"","format":"standard","meta":{"tdm_status":"","tdm_grid_status":"","footnotes":""},"categories":[2328,379,375,2025,343],"tags":[441],"class_list":{"0":"post-248556","1":"post","2":"type-post","3":"status-publish","4":"format-standard","5":"has-post-thumbnail","7":"category-alma-gemea","8":"category-novelas","9":"category-rede-globo","10":"category-resumo","11":"category-televisao","12":"tag-resumo-do-dia"},"_links":{"self":[{"href":"https:\/\/migracao.redenoticia.com.br\/noticia\/wp-json\/wp\/v2\/posts\/248556","targetHints":{"allow":["GET"]}}],"collection":[{"href":"https:\/\/migracao.redenoticia.com.br\/noticia\/wp-json\/wp\/v2\/posts"}],"about":[{"href":"https:\/\/migracao.redenoticia.com.br\/noticia\/wp-json\/wp\/v2\/types\/post"}],"author":[{"embeddable":true,"href":"https:\/\/migracao.redenoticia.com.br\/noticia\/wp-json\/wp\/v2\/users\/5"}],"replies":[{"embeddable":true,"href":"https:\/\/migracao.redenoticia.com.br\/noticia\/wp-json\/wp\/v2\/comments?post=248556"}],"version-history":[{"count":0,"href":"https:\/\/migracao.redenoticia.com.br\/noticia\/wp-json\/wp\/v2\/posts\/248556\/revisions"}],"wp:featuredmedia":[{"embeddable":true,"href":"https:\/\/migracao.redenoticia.com.br\/noticia\/wp-json\/wp\/v2\/media\/244165"}],"wp:attachment":[{"href":"https:\/\/migracao.redenoticia.com.br\/noticia\/wp-json\/wp\/v2\/media?parent=248556"}],"wp:term":[{"taxonomy":"category","embeddable":true,"href":"https:\/\/migracao.redenoticia.com.br\/noticia\/wp-json\/wp\/v2\/categories?post=248556"},{"taxonomy":"post_tag","embeddable":true,"href":"https:\/\/migracao.redenoticia.com.br\/noticia\/wp-json\/wp\/v2\/tags?post=248556"}],"curies":[{"name":"wp","href":"https:\/\/api.w.org\/{rel}","templated":true}]}}