{"id":248629,"date":"2024-10-19T20:28:10","date_gmt":"2024-10-19T23:28:10","guid":{"rendered":"https:\/\/www.redenoticia.com.br\/noticia\/?p=248629"},"modified":"2024-10-19T20:28:10","modified_gmt":"2024-10-19T23:28:10","slug":"resumo-a-caverna-encantada-21-10-norma-inicia-o-show-de-talentos","status":"publish","type":"post","link":"https:\/\/migracao.redenoticia.com.br\/noticia\/2024\/resumo-a-caverna-encantada-21-10-norma-inicia-o-show-de-talentos\/248629","title":{"rendered":"Resumo \u201cA Caverna Encantada\u201d 21\/10: Norma inicia o Show de Talentos"},"content":{"rendered":"<p> <img loading=\"lazy\" decoding=\"async\" src=\"https:\/\/migracao.redenoticia.com.br\/noticia\/imagens\/a-caverna-encantada-resumo-novela.jpg\" alt=\"\" width=\"1280\" height=\"720\" class=\"aligncenter size-full wp-image-246126\" srcset=\"https:\/\/migracao.redenoticia.com.br\/noticia\/imagens\/a-caverna-encantada-resumo-novela.jpg 1280w, https:\/\/migracao.redenoticia.com.br\/noticia\/imagens\/a-caverna-encantada-resumo-novela-250x140.jpg 250w, https:\/\/migracao.redenoticia.com.br\/noticia\/imagens\/a-caverna-encantada-resumo-novela-400x225.jpg 400w, https:\/\/migracao.redenoticia.com.br\/noticia\/imagens\/a-caverna-encantada-resumo-novela-768x432.jpg 768w, https:\/\/migracao.redenoticia.com.br\/noticia\/imagens\/a-caverna-encantada-resumo-novela-150x85.jpg 150w\" sizes=\"auto, (max-width: 1280px) 100vw, 1280px\" \/> <\/p>\n<p><strong><em>Resumo da novela \u201cA Caverna Encantada\u201d<\/em><\/strong> em 21\/10: no cap\u00edtulo 061(*) da novela, Isadora revela para Norma que Lav\u00ednia a enganou para criar um aplicativo e Norma decide dar dem\u00e9rito para Lav\u00ednia, que chora acreditando que n\u00e3o conseguir\u00e1 entrar na universidade de Carvard. Moleza fica preso na gaiola com Anna. Safira e Dod\u00f4 fazem um contrato e pedem que Anna assine. Anna assina, Safira a deixa ir e pede para ela ir atr\u00e1s do diamante.<\/p>\n<p>Ap\u00f3s sofrer um dem\u00e9rito, Lav\u00ednia se isola e acampa no p\u00e1tio do col\u00e9gio. Dod\u00f4 acredita que Safira foi enganada por Anna e Moleza, pensando que eles s\u00f3 assinaram o contrato para sair da armadilha. Safira acha que Anna retornar\u00e1 para a Caverna Encantada, j\u00e1 que o r\u00e1dio do pai est\u00e1 no local. Norma e Elisa treinam para o Show de Talentos, criando os nomes art\u00edsticos MC Normaliza e DJ Elok. Enquanto as meninas se preparam para o Show de Talentos, Gabriel leva os meninos para pintar e reformar a fachada do col\u00e9gio. Norma inicia o Show de Talentos. <\/p>\n<p>(*) edi\u00e7\u00e3o das novelas do SBT, \u201cA Caverna Encantada\u201d, sujeito a altera\u00e7\u00e3o de data e conte\u00fado.<\/p>\n<p>Sinopse \u201cA Caverna Encantada\u201d: A trama conta a hist\u00f3ria de Anna, uma menina de 7 anos, filha do m\u00e9dico e tamb\u00e9m mission\u00e1rio Paulo. O pai recebe um chamado para uma miss\u00e3o perigosa e, infelizmente, Anna n\u00e3o poder\u00e1 acompanh\u00e1-lo. Paulo deixa a filha Anna num col\u00e9gio interno no interior de S\u00e3o Paulo, onde a garota vai conviver com crian\u00e7as bem diferentes. O pai garante voltar no dia do anivers\u00e1rio da filha, mas misteriosamente, n\u00e3o retorna. Anna decide investigar os motivos sobre o sumi\u00e7o do pai e descobre algumas coisas interessantes sobre seu passado.<\/p>\n","protected":false},"excerpt":{"rendered":"<p>Resumo da novela \u201cA Caverna Encantada\u201d em 21\/10: no cap\u00edtulo 061(*) da novela, Isadora revela para Norma que Lav\u00ednia a enganou para criar um aplicativo e Norma decide dar dem\u00e9rito para Lav\u00ednia, que chora acreditando que n\u00e3o conseguir\u00e1 entrar na universidade de Carvard. Moleza fica preso na gaiola com Anna. Safira e Dod\u00f4 fazem um [&hellip;]<\/p>\n","protected":false},"author":4,"featured_media":246125,"comment_status":"closed","ping_status":"closed","sticky":false,"template":"","format":"standard","meta":{"tdm_status":"","tdm_grid_status":"","footnotes":""},"categories":[2331,379,2025,372,343],"tags":[441],"class_list":{"0":"post-248629","1":"post","2":"type-post","3":"status-publish","4":"format-standard","5":"has-post-thumbnail","7":"category-a-caverna-encantada","8":"category-novelas","9":"category-resumo","10":"category-sbt","11":"category-televisao","12":"tag-resumo-do-dia"},"_links":{"self":[{"href":"https:\/\/migracao.redenoticia.com.br\/noticia\/wp-json\/wp\/v2\/posts\/248629","targetHints":{"allow":["GET"]}}],"collection":[{"href":"https:\/\/migracao.redenoticia.com.br\/noticia\/wp-json\/wp\/v2\/posts"}],"about":[{"href":"https:\/\/migracao.redenoticia.com.br\/noticia\/wp-json\/wp\/v2\/types\/post"}],"author":[{"embeddable":true,"href":"https:\/\/migracao.redenoticia.com.br\/noticia\/wp-json\/wp\/v2\/users\/4"}],"replies":[{"embeddable":true,"href":"https:\/\/migracao.redenoticia.com.br\/noticia\/wp-json\/wp\/v2\/comments?post=248629"}],"version-history":[{"count":0,"href":"https:\/\/migracao.redenoticia.com.br\/noticia\/wp-json\/wp\/v2\/posts\/248629\/revisions"}],"wp:featuredmedia":[{"embeddable":true,"href":"https:\/\/migracao.redenoticia.com.br\/noticia\/wp-json\/wp\/v2\/media\/246125"}],"wp:attachment":[{"href":"https:\/\/migracao.redenoticia.com.br\/noticia\/wp-json\/wp\/v2\/media?parent=248629"}],"wp:term":[{"taxonomy":"category","embeddable":true,"href":"https:\/\/migracao.redenoticia.com.br\/noticia\/wp-json\/wp\/v2\/categories?post=248629"},{"taxonomy":"post_tag","embeddable":true,"href":"https:\/\/migracao.redenoticia.com.br\/noticia\/wp-json\/wp\/v2\/tags?post=248629"}],"curies":[{"name":"wp","href":"https:\/\/api.w.org\/{rel}","templated":true}]}}