{"id":248660,"date":"2024-10-21T16:30:56","date_gmt":"2024-10-21T19:30:56","guid":{"rendered":"https:\/\/www.redenoticia.com.br\/noticia\/?p=248660"},"modified":"2024-10-21T16:30:56","modified_gmt":"2024-10-21T19:30:56","slug":"resumo-cabocla-23-10-neco-pensa-em-fugir-com-belinha","status":"publish","type":"post","link":"https:\/\/migracao.redenoticia.com.br\/noticia\/2024\/resumo-cabocla-23-10-neco-pensa-em-fugir-com-belinha\/248660","title":{"rendered":"Resumo &#8220;Cabocla&#8221; 23\/10: Neco pensa em fugir com Belinha"},"content":{"rendered":"<p> <img loading=\"lazy\" decoding=\"async\" src=\"https:\/\/migracao.redenoticia.com.br\/noticia\/imagens\/cabocla-resumo-novela.jpg\" alt=\"\" width=\"1280\" height=\"720\" class=\"aligncenter size-full wp-image-246754\" srcset=\"https:\/\/migracao.redenoticia.com.br\/noticia\/imagens\/cabocla-resumo-novela.jpg 1280w, https:\/\/migracao.redenoticia.com.br\/noticia\/imagens\/cabocla-resumo-novela-250x140.jpg 250w, https:\/\/migracao.redenoticia.com.br\/noticia\/imagens\/cabocla-resumo-novela-400x225.jpg 400w, https:\/\/migracao.redenoticia.com.br\/noticia\/imagens\/cabocla-resumo-novela-768x432.jpg 768w, https:\/\/migracao.redenoticia.com.br\/noticia\/imagens\/cabocla-resumo-novela-150x85.jpg 150w\" sizes=\"auto, (max-width: 1280px) 100vw, 1280px\" \/>  <\/p>\n<p><em><strong>Resumo da novela &#8220;Cabocla&#8221;<\/strong><\/em> em 23\/10: no cap\u00edtulo 051(*) da novela, Boanerges se sente culpado ao ver Belinha t\u00e3o chateada, mas n\u00e3o muda de id\u00e9ia. Zuca diz a Lu\u00eds que vai desmanchar seu noivado com Tobias, deixando-o at\u00f4nito. Justino deixa Neco na esta\u00e7\u00e3o do trem com suas malas. Lu\u00eds teme pela rea\u00e7\u00e3o de Tobias. Zuca fica brava ao perceber o medo de Lu\u00eds. Justino avisa Boanerges que Neco est\u00e1 esperando Belinha na outra esta\u00e7\u00e3o. Boanerges acusa Belinha de estar de combina\u00e7\u00e3o com Neco, mas ela garante que n\u00e3o sabia de nada. Mariquinha pergunta o que Justino conversou com Boanerges e ele garante que estava defendendo Neco. Boanerges confessa ao vig\u00e1rio que est\u00e1 pensando em deixar Belinha num convento. Neco volta a p\u00e9 para casa. Tom\u00e9 confessa a Zaqueu que est\u00e1 pensando em ir atr\u00e1s de Rosa. Tina reza para que Tom\u00e9 n\u00e3o v\u00e1 embora. Fel\u00edcio avisa \u00e0 Generosa que n\u00e3o quer mais Rosa em sua casa. Tom\u00e9 ouve tudo.<\/p>\n<p> Tom\u00e9 fica chateado, mas n\u00e3o diz nada. Neco chega ao hotel de Z\u00e9 da Esta\u00e7\u00e3o e pede um quarto, sem saber que Belinha e Boanerges est\u00e3o l\u00e1. Boanerges exige que Z\u00e9 se recuse a dar um quarto a Neco. Chico diz a Neco que o hotel est\u00e1 cheio, mas ele adivinha por que Z\u00e9 n\u00e3o quer que ele fique l\u00e1. Belinha pede para conversar com Neco, mas Boanerges a impede. Lu\u00eds revela a Neco que foi Justino quem contou seu plano a Boanerges. Neco pensa em fugir com Belinha, mas Lu\u00eds o convence a n\u00e3o tentar nada por enquanto. Belinha v\u00ea Lu\u00eds e Zuca juntos. Lu\u00eds confessa a Belinha que est\u00e1 apaixonado por Zuca. Emerenciana come\u00e7a a passar mal. Nast\u00e1cio chama Generosa para que ela cuide de Emerenciana. Ritinha pede que Tom\u00e9 v\u00e1 chamar um m\u00e9dico. Maria conta para Tobias que Emerenciana est\u00e1 perdendo o filho. <\/p>\n<p>(*) edi\u00e7\u00e3o das novelas da Globo, &#8220;Cabocla&#8221;, sujeito a altera\u00e7\u00e3o de data e conte\u00fado.<\/p>\n<p>Sinopse \u201cCabocla\u201d: Lu\u00eds Jer\u00f4nimo \u00e9 um jovem mulherengo, descobre que est\u00e1 com uma les\u00e3o no pulm\u00e3o e decide passar uma temporada na fazenda de um primo em Vila da Mata, o coronel Boanerges. Ele logo se encanta por Zuca. Eles enfrentar\u00e3o muita resist\u00eancia por conta de Zuca ser noiva do teimoso e encrenqueiro pe\u00e3o Tobias. Pepa, apaixonada por Lu\u00eds, se estabelece na fazenda vizinha, de propriedade do coronel vi\u00favo Justino, inimigo pol\u00edtico do coronel Boanerges.<\/p>\n<p>Paralelamente a esse embate, acontece o amor entre Belinha e Neco. Ela \u00e9 filha de Boanerges e Emerenciana; ele, de Justino. Em meio a tudo isso, eis que os sentimentos de Mariquinha, filha do coronel Justino e irm\u00e3 de Neco, por Tobias afloraram, fazendo-os viverem um quarteto amoroso ao lado de Zuca e Lu\u00eds Jer\u00f4nimo. No decorrer da trama, Tom\u00e9 desiste de esperar Rosa e se apaixona por Tina, por\u00e9m acaba morrendo, v\u00edtima de um assassinato, e deixa Tina vi\u00fava e gr\u00e1vida dele. <\/p>\n","protected":false},"excerpt":{"rendered":"<p>Resumo da novela &#8220;Cabocla&#8221; em 23\/10: no cap\u00edtulo 051(*) da novela, Boanerges se sente culpado ao ver Belinha t\u00e3o chateada, mas n\u00e3o muda de id\u00e9ia. Zuca diz a Lu\u00eds que vai desmanchar seu noivado com Tobias, deixando-o at\u00f4nito. Justino deixa Neco na esta\u00e7\u00e3o do trem com suas malas. Lu\u00eds teme pela rea\u00e7\u00e3o de Tobias. Zuca [&hellip;]<\/p>\n","protected":false},"author":2,"featured_media":246755,"comment_status":"closed","ping_status":"closed","sticky":false,"template":"","format":"standard","meta":{"tdm_status":"","tdm_grid_status":"","footnotes":""},"categories":[2332,379,2025,343],"tags":[441],"class_list":{"0":"post-248660","1":"post","2":"type-post","3":"status-publish","4":"format-standard","5":"has-post-thumbnail","7":"category-cabocla","8":"category-novelas","9":"category-resumo","10":"category-televisao","11":"tag-resumo-do-dia"},"_links":{"self":[{"href":"https:\/\/migracao.redenoticia.com.br\/noticia\/wp-json\/wp\/v2\/posts\/248660","targetHints":{"allow":["GET"]}}],"collection":[{"href":"https:\/\/migracao.redenoticia.com.br\/noticia\/wp-json\/wp\/v2\/posts"}],"about":[{"href":"https:\/\/migracao.redenoticia.com.br\/noticia\/wp-json\/wp\/v2\/types\/post"}],"author":[{"embeddable":true,"href":"https:\/\/migracao.redenoticia.com.br\/noticia\/wp-json\/wp\/v2\/users\/2"}],"replies":[{"embeddable":true,"href":"https:\/\/migracao.redenoticia.com.br\/noticia\/wp-json\/wp\/v2\/comments?post=248660"}],"version-history":[{"count":0,"href":"https:\/\/migracao.redenoticia.com.br\/noticia\/wp-json\/wp\/v2\/posts\/248660\/revisions"}],"wp:featuredmedia":[{"embeddable":true,"href":"https:\/\/migracao.redenoticia.com.br\/noticia\/wp-json\/wp\/v2\/media\/246755"}],"wp:attachment":[{"href":"https:\/\/migracao.redenoticia.com.br\/noticia\/wp-json\/wp\/v2\/media?parent=248660"}],"wp:term":[{"taxonomy":"category","embeddable":true,"href":"https:\/\/migracao.redenoticia.com.br\/noticia\/wp-json\/wp\/v2\/categories?post=248660"},{"taxonomy":"post_tag","embeddable":true,"href":"https:\/\/migracao.redenoticia.com.br\/noticia\/wp-json\/wp\/v2\/tags?post=248660"}],"curies":[{"name":"wp","href":"https:\/\/api.w.org\/{rel}","templated":true}]}}