{"id":248662,"date":"2024-10-21T16:34:03","date_gmt":"2024-10-21T19:34:03","guid":{"rendered":"https:\/\/www.redenoticia.com.br\/noticia\/?p=248662"},"modified":"2024-10-21T16:34:03","modified_gmt":"2024-10-21T19:34:03","slug":"resumo-alma-gemea-23-10-debora-fala-para-roberval-que-ele-pode-ser-acusado-de-assassinato","status":"publish","type":"post","link":"https:\/\/migracao.redenoticia.com.br\/noticia\/2024\/resumo-alma-gemea-23-10-debora-fala-para-roberval-que-ele-pode-ser-acusado-de-assassinato\/248662","title":{"rendered":"Resumo &#8220;Alma G\u00eamea&#8221; 23\/10: D\u00e9bora fala para Roberval que ele pode ser acusado de assassinato"},"content":{"rendered":"<p> <img loading=\"lazy\" decoding=\"async\" src=\"https:\/\/migracao.redenoticia.com.br\/noticia\/imagens\/resumo-alma-gemea-logo-novela.jpg\" alt=\"\" width=\"1280\" height=\"720\" class=\"aligncenter size-full wp-image-244166\" srcset=\"https:\/\/migracao.redenoticia.com.br\/noticia\/imagens\/resumo-alma-gemea-logo-novela.jpg 1280w, https:\/\/migracao.redenoticia.com.br\/noticia\/imagens\/resumo-alma-gemea-logo-novela-250x140.jpg 250w, https:\/\/migracao.redenoticia.com.br\/noticia\/imagens\/resumo-alma-gemea-logo-novela-400x225.jpg 400w, https:\/\/migracao.redenoticia.com.br\/noticia\/imagens\/resumo-alma-gemea-logo-novela-768x432.jpg 768w, https:\/\/migracao.redenoticia.com.br\/noticia\/imagens\/resumo-alma-gemea-logo-novela-150x85.jpg 150w\" sizes=\"auto, (max-width: 1280px) 100vw, 1280px\" \/><\/p>\n<p><em><strong>Resumo da novela &#8220;Alma G\u00eamea&#8221;<\/strong><\/em> em 23\/10: no cap\u00edtulo 126(*) da novela, Rafael fala o nome de Serena. Serena fica muito emocionada. D\u00e9bora fala para Roberval que ele pode ser acusado de assassinato se Rafael falecer. Roberval garante que n\u00e3o sabe onde o bot\u00e2nico est\u00e1. Vit\u00f3rio fala para Ol\u00edvia que n\u00e3o a ama mais e ela fica arrasada. Jos\u00e9 Aristides mostra a Serena que a est\u00e1tua de barro est\u00e1 manchada, o que significa que as queimaduras de Rafael est\u00e3o passando para o objeto. <\/p>\n<p>Vera acha que Felipe fez a coisa certa ao n\u00e3o vender o roseiral. H\u00e9lio diz a Dalila que deve deixar de ser ego\u00edsta e permitir que Rafael continue escondido. Jorge pede para namorar K\u00e1tia, ela diz que quer casar e Jorge concorda. Julian diz a Eduardo que ele n\u00e3o deve dar falsas esperan\u00e7as a Alexandra se n\u00e3o gosta dela. Roberval descobre que Raul est\u00e1 morando no mesmo pr\u00e9dio e morre de ci\u00fames. Eduardo diz a Alexandra que tomou uma decis\u00e3o e ela adivinha que ele quer ir embora. O esp\u00edrito de Guto se aproxima de Cristina. Luna aparece no espelho e diz a Serena que Rafael est\u00e1 em perigo.  <\/p>\n<p>(*) edi\u00e7\u00e3o das novelas da Globo, &#8220;Alma G\u00eamea&#8221;, sujeito a altera\u00e7\u00e3o de data e conte\u00fado.<\/p>\n<p>Sinopse &#8220;Alma G\u00eamea&#8221;: Rafael e Luna casam-se e t\u00eam um filho, mas a felicidade \u00e9 invejada por Cristina. Em um passeio, Rafael reage a um assalto e um dos ladr\u00f5es, que \u00e9 conhecido de Cristina, atira. Luna morre. Enquanto Rafael se desespera com a perda de Luna, em um lugar bem distante dali, nasce a menina Serena, filha de uma \u00edndia com um garimpeiro. Ela cresce em uma aldeia ind\u00edgena e tem vis\u00f5es. <\/p>\n<p>Vinte anos se passam da morte de Luna. Serena consegue trabalho como empregada na mans\u00e3o de Rafael. Serena tem em seu corpo uma marca de nascen\u00e7a, no mesmo lugar em que Luna levou o tiro. A trama segue envolta em mist\u00e9rios e marcada por fatos inexplic\u00e1veis. Rafael passa a acreditar que Serena \u00e9 de fato a reencarna\u00e7\u00e3o de Luna, se apaixona por ela e a pede em casamento. Cristina e sua m\u00e3e D\u00e9bora percebem que Serena representa uma amea\u00e7a, e a novela segue com as duas tramando de tudo para separar os dois.<\/p>\n","protected":false},"excerpt":{"rendered":"<p>Resumo da novela &#8220;Alma G\u00eamea&#8221; em 23\/10: no cap\u00edtulo 126(*) da novela, Rafael fala o nome de Serena. Serena fica muito emocionada. D\u00e9bora fala para Roberval que ele pode ser acusado de assassinato se Rafael falecer. Roberval garante que n\u00e3o sabe onde o bot\u00e2nico est\u00e1. Vit\u00f3rio fala para Ol\u00edvia que n\u00e3o a ama mais e [&hellip;]<\/p>\n","protected":false},"author":5,"featured_media":244165,"comment_status":"closed","ping_status":"closed","sticky":false,"template":"","format":"standard","meta":{"tdm_status":"","tdm_grid_status":"","footnotes":""},"categories":[2328,379,375,2025,343],"tags":[441],"class_list":{"0":"post-248662","1":"post","2":"type-post","3":"status-publish","4":"format-standard","5":"has-post-thumbnail","7":"category-alma-gemea","8":"category-novelas","9":"category-rede-globo","10":"category-resumo","11":"category-televisao","12":"tag-resumo-do-dia"},"_links":{"self":[{"href":"https:\/\/migracao.redenoticia.com.br\/noticia\/wp-json\/wp\/v2\/posts\/248662","targetHints":{"allow":["GET"]}}],"collection":[{"href":"https:\/\/migracao.redenoticia.com.br\/noticia\/wp-json\/wp\/v2\/posts"}],"about":[{"href":"https:\/\/migracao.redenoticia.com.br\/noticia\/wp-json\/wp\/v2\/types\/post"}],"author":[{"embeddable":true,"href":"https:\/\/migracao.redenoticia.com.br\/noticia\/wp-json\/wp\/v2\/users\/5"}],"replies":[{"embeddable":true,"href":"https:\/\/migracao.redenoticia.com.br\/noticia\/wp-json\/wp\/v2\/comments?post=248662"}],"version-history":[{"count":0,"href":"https:\/\/migracao.redenoticia.com.br\/noticia\/wp-json\/wp\/v2\/posts\/248662\/revisions"}],"wp:featuredmedia":[{"embeddable":true,"href":"https:\/\/migracao.redenoticia.com.br\/noticia\/wp-json\/wp\/v2\/media\/244165"}],"wp:attachment":[{"href":"https:\/\/migracao.redenoticia.com.br\/noticia\/wp-json\/wp\/v2\/media?parent=248662"}],"wp:term":[{"taxonomy":"category","embeddable":true,"href":"https:\/\/migracao.redenoticia.com.br\/noticia\/wp-json\/wp\/v2\/categories?post=248662"},{"taxonomy":"post_tag","embeddable":true,"href":"https:\/\/migracao.redenoticia.com.br\/noticia\/wp-json\/wp\/v2\/tags?post=248662"}],"curies":[{"name":"wp","href":"https:\/\/api.w.org\/{rel}","templated":true}]}}