{"id":248672,"date":"2024-10-21T16:50:23","date_gmt":"2024-10-21T19:50:23","guid":{"rendered":"https:\/\/www.redenoticia.com.br\/noticia\/?p=248672"},"modified":"2024-10-21T16:50:23","modified_gmt":"2024-10-21T19:50:23","slug":"resumo-alma-gemea-22-10-rafael-comeca-a-sorrir-para-serena","status":"publish","type":"post","link":"https:\/\/migracao.redenoticia.com.br\/noticia\/2024\/resumo-alma-gemea-22-10-rafael-comeca-a-sorrir-para-serena\/248672","title":{"rendered":"Resumo &#8220;Alma G\u00eamea&#8221; 22\/10: Rafael come\u00e7a a sorrir para Serena"},"content":{"rendered":"<p> <img loading=\"lazy\" decoding=\"async\" src=\"https:\/\/migracao.redenoticia.com.br\/noticia\/imagens\/resumo-alma-gemea-logo-novela.jpg\" alt=\"\" width=\"1280\" height=\"720\" class=\"aligncenter size-full wp-image-244166\" srcset=\"https:\/\/migracao.redenoticia.com.br\/noticia\/imagens\/resumo-alma-gemea-logo-novela.jpg 1280w, https:\/\/migracao.redenoticia.com.br\/noticia\/imagens\/resumo-alma-gemea-logo-novela-250x140.jpg 250w, https:\/\/migracao.redenoticia.com.br\/noticia\/imagens\/resumo-alma-gemea-logo-novela-400x225.jpg 400w, https:\/\/migracao.redenoticia.com.br\/noticia\/imagens\/resumo-alma-gemea-logo-novela-768x432.jpg 768w, https:\/\/migracao.redenoticia.com.br\/noticia\/imagens\/resumo-alma-gemea-logo-novela-150x85.jpg 150w\" sizes=\"auto, (max-width: 1280px) 100vw, 1280px\" \/><\/p>\n<p><em><strong>Resumo da novela &#8220;Alma G\u00eamea&#8221;<\/strong><\/em> em 22\/10: no cap\u00edtulo 125(*) da novela, Ol\u00edvia tenta convencer Dalila e Roberval a ajud\u00e1-la, mas n\u00e3o tem sucesso. Alaor conta para Jorge que Mirna estava com outro pretendente quando foi visit\u00e1-la, deixando-o indignado. Felipe pede para conversar com Mirella, que vai ao seu encontro na sorveteria. Generosa v\u00ea os dois e conta tudo para Nina, que reclama com Gumercindo. Jorge exige que Mirna lhe diga quem \u00e9 o homem que est\u00e1 em sua casa. Felipe explica para Mirella que n\u00e3o sabe se deve ou n\u00e3o vender o roseiral. Mirella manda Felipe seguir seu cora\u00e7\u00e3o. Felipe beija a m\u00e3o de Mirella. Gumercindo v\u00ea. Crispim v\u00ea e fica furioso. Vit\u00f3rio conta para H\u00e9lio que decidiu abandonar Ol\u00edvia porque assim ela ter\u00e1 mais chances para recuperar o filho e o restaurante. D\u00e9bora engana Roberval para descobrir onde est\u00e1 Rafael. Eduardo percebe que a febre de Rafael cedeu. Serena mostra a Eduardo que a est\u00e1tua de barro est\u00e1 quente.<\/p>\n<p> Serena explica a Eduardo que a febre de Rafael passou para a est\u00e1tua, deixando-o pasmo. Felipe explica a Nina que ainda \u00e9 apaixonado por Mirella e termina tudo com ela. Gumercindo se declara para Mirella e pede que lhe d\u00ea uma chance. Of\u00e9lia e Divina garantem a Vit\u00f3rio que v\u00e3o lhe arrumar uma namorada melhor do que Ol\u00edvia. Felipe fala para Cristina que n\u00e3o vai assinar o contrato de venda do roseiral. Rafael come\u00e7a a se mexer e sorrir para Serena, que fica emocionada. Crispim escolhe um noivo para Mirna. Of\u00e9lia e Divina descobrem que Judith \u00e9 solteira e tentam convencer Vit\u00f3rio a namor\u00e1-la. Judith d\u00e1 um beijo em Vit\u00f3rio. Ol\u00edvia v\u00ea e fica horrorizada. Julian diz a Eduardo que ele precisa dar mais aten\u00e7\u00e3o a Alexandra. Alexandra acha que Eduardo n\u00e3o a ama. Cristina e D\u00e9bora falam para Roberval que ele pode ser preso por ter ajudado Rafael e exigem que diga onde est\u00e1 o bot\u00e2nico. Rafael fala o nome de Serena  <\/p>\n<p>(*) edi\u00e7\u00e3o das novelas da Globo, &#8220;Alma G\u00eamea&#8221;, sujeito a altera\u00e7\u00e3o de data e conte\u00fado.<\/p>\n<p>Sinopse &#8220;Alma G\u00eamea&#8221;: Rafael e Luna casam-se e t\u00eam um filho, mas a felicidade \u00e9 invejada por Cristina. Em um passeio, Rafael reage a um assalto e um dos ladr\u00f5es, que \u00e9 conhecido de Cristina, atira. Luna morre. Enquanto Rafael se desespera com a perda de Luna, em um lugar bem distante dali, nasce a menina Serena, filha de uma \u00edndia com um garimpeiro. Ela cresce em uma aldeia ind\u00edgena e tem vis\u00f5es. <\/p>\n<p>Vinte anos se passam da morte de Luna. Serena consegue trabalho como empregada na mans\u00e3o de Rafael. Serena tem em seu corpo uma marca de nascen\u00e7a, no mesmo lugar em que Luna levou o tiro. A trama segue envolta em mist\u00e9rios e marcada por fatos inexplic\u00e1veis. Rafael passa a acreditar que Serena \u00e9 de fato a reencarna\u00e7\u00e3o de Luna, se apaixona por ela e a pede em casamento. Cristina e sua m\u00e3e D\u00e9bora percebem que Serena representa uma amea\u00e7a, e a novela segue com as duas tramando de tudo para separar os dois.<\/p>\n","protected":false},"excerpt":{"rendered":"<p>Resumo da novela &#8220;Alma G\u00eamea&#8221; em 22\/10: no cap\u00edtulo 125(*) da novela, Ol\u00edvia tenta convencer Dalila e Roberval a ajud\u00e1-la, mas n\u00e3o tem sucesso. Alaor conta para Jorge que Mirna estava com outro pretendente quando foi visit\u00e1-la, deixando-o indignado. Felipe pede para conversar com Mirella, que vai ao seu encontro na sorveteria. Generosa v\u00ea os [&hellip;]<\/p>\n","protected":false},"author":5,"featured_media":244165,"comment_status":"closed","ping_status":"closed","sticky":false,"template":"","format":"standard","meta":{"tdm_status":"","tdm_grid_status":"","footnotes":""},"categories":[2328,379,375,2025,343],"tags":[441],"class_list":{"0":"post-248672","1":"post","2":"type-post","3":"status-publish","4":"format-standard","5":"has-post-thumbnail","7":"category-alma-gemea","8":"category-novelas","9":"category-rede-globo","10":"category-resumo","11":"category-televisao","12":"tag-resumo-do-dia"},"_links":{"self":[{"href":"https:\/\/migracao.redenoticia.com.br\/noticia\/wp-json\/wp\/v2\/posts\/248672","targetHints":{"allow":["GET"]}}],"collection":[{"href":"https:\/\/migracao.redenoticia.com.br\/noticia\/wp-json\/wp\/v2\/posts"}],"about":[{"href":"https:\/\/migracao.redenoticia.com.br\/noticia\/wp-json\/wp\/v2\/types\/post"}],"author":[{"embeddable":true,"href":"https:\/\/migracao.redenoticia.com.br\/noticia\/wp-json\/wp\/v2\/users\/5"}],"replies":[{"embeddable":true,"href":"https:\/\/migracao.redenoticia.com.br\/noticia\/wp-json\/wp\/v2\/comments?post=248672"}],"version-history":[{"count":0,"href":"https:\/\/migracao.redenoticia.com.br\/noticia\/wp-json\/wp\/v2\/posts\/248672\/revisions"}],"wp:featuredmedia":[{"embeddable":true,"href":"https:\/\/migracao.redenoticia.com.br\/noticia\/wp-json\/wp\/v2\/media\/244165"}],"wp:attachment":[{"href":"https:\/\/migracao.redenoticia.com.br\/noticia\/wp-json\/wp\/v2\/media?parent=248672"}],"wp:term":[{"taxonomy":"category","embeddable":true,"href":"https:\/\/migracao.redenoticia.com.br\/noticia\/wp-json\/wp\/v2\/categories?post=248672"},{"taxonomy":"post_tag","embeddable":true,"href":"https:\/\/migracao.redenoticia.com.br\/noticia\/wp-json\/wp\/v2\/tags?post=248672"}],"curies":[{"name":"wp","href":"https:\/\/api.w.org\/{rel}","templated":true}]}}