{"id":248733,"date":"2024-10-23T09:50:29","date_gmt":"2024-10-23T12:50:29","guid":{"rendered":"https:\/\/www.redenoticia.com.br\/noticia\/?p=248733"},"modified":"2024-10-23T09:50:29","modified_gmt":"2024-10-23T12:50:29","slug":"resumo-alma-gemea-24-10-cristina-chega-ao-sitio-acompanhada-pela-policia","status":"publish","type":"post","link":"https:\/\/migracao.redenoticia.com.br\/noticia\/2024\/resumo-alma-gemea-24-10-cristina-chega-ao-sitio-acompanhada-pela-policia\/248733","title":{"rendered":"Resumo &#8220;Alma G\u00eamea&#8221; 24\/10: Cristina chega ao s\u00edtio acompanhada pela pol\u00edcia"},"content":{"rendered":"<p> <img loading=\"lazy\" decoding=\"async\" src=\"https:\/\/migracao.redenoticia.com.br\/noticia\/imagens\/resumo-alma-gemea-logo-novela.jpg\" alt=\"\" width=\"1280\" height=\"720\" class=\"aligncenter size-full wp-image-244166\" srcset=\"https:\/\/migracao.redenoticia.com.br\/noticia\/imagens\/resumo-alma-gemea-logo-novela.jpg 1280w, https:\/\/migracao.redenoticia.com.br\/noticia\/imagens\/resumo-alma-gemea-logo-novela-250x140.jpg 250w, https:\/\/migracao.redenoticia.com.br\/noticia\/imagens\/resumo-alma-gemea-logo-novela-400x225.jpg 400w, https:\/\/migracao.redenoticia.com.br\/noticia\/imagens\/resumo-alma-gemea-logo-novela-768x432.jpg 768w, https:\/\/migracao.redenoticia.com.br\/noticia\/imagens\/resumo-alma-gemea-logo-novela-150x85.jpg 150w\" sizes=\"auto, (max-width: 1280px) 100vw, 1280px\" \/><\/p>\n<p><em><strong>Resumo da novela &#8220;Alma G\u00eamea&#8221;<\/strong><\/em> em 24\/10: no cap\u00edtulo 128(*) da novela, Luna manda que Serena tome cuidado com a est\u00e1tua, deixando-a preocupada. Cristina grita e todos na casa correm para ajud\u00e1-la. D\u00e9bora a manda se controlar. Alexandra exige saber se Eduardo vai agir como seu marido ou n\u00e3o. Eduardo e Alexandra se amam. K\u00e1tia conta para Elias que vai se casar com Jorge. Elias fica um pouco decepcionado, mas disfar\u00e7a. Cristina manda Raul fazer de tudo para convencer Felipe de que vender o roseiral \u00e9 a \u00fanica maneira de salvar Rafael da fal\u00eancia. Mirella aceita namorar Gumercindo. H\u00e9lio diz a Sabina que quer marcar a data do noivado, deixando-a radiante. K\u00e1tia vai experimentar um vestido de noiva na loja de Madalena. Crispim v\u00ea K\u00e1tia vestida de noiva e toma um susto. Ol\u00edvia acusa Vit\u00f3rio de t\u00ea-la largado porque ela perdeu o restaurante. Vit\u00f3rio vai atr\u00e1s de Ol\u00edvia e pede para se explicar. Roberval se recusa a dizer onde Rafael est\u00e1, mas Dalila deduz que est\u00e1 no s\u00edtio de Bernardo e conta para D\u00e9bora. Felipe vai visitar Rafael. Jos\u00e9 Aristides v\u00ea um carro se aproximando do s\u00edtio.28\/01\/2006. <\/p>\n<p> Cristina e D\u00e9bora chegam ao s\u00edtio de Bernardo acompanhadas pela pol\u00edcia. Serena n\u00e3o permite que ningu\u00e9m entre na casa. Vit\u00f3rio \u00e9 grosseiro com Ol\u00edvia na tentativa que ela o esque\u00e7a. K\u00e1tia explica a Crispim que vai se casar com Jorge para dar um pai para Ritinha. Crispim fica arrasado. Ciro fala para o delegado que ele n\u00e3o pode entrar na casa de Bernardo sem uma ordem judicial. Mirna fica arrasada ao saber que Jorge vai se casar com K\u00e1tia. Mirna e Crispim choram sem parar. Roberval chama Dalila de ego\u00edsta por ela ter revelado onde Rafael estava s\u00f3 para n\u00e3o se prejudicar. Divina percebe que o dinheiro que escondia num pote sumiu. Of\u00e9lia desconfia de Ter\u00ea. K\u00e1tia n\u00e3o sabe se tomou a decis\u00e3o certa ao aceitar se casar com Jorge. Roberval v\u00ea Dalila conversando com Raul. Cristina tenta for\u00e7ar sua entrada na casa de Crispim. Mirna joga Cristina no chiqueiro. <\/p>\n<p>(*) edi\u00e7\u00e3o das novelas da Globo, &#8220;Alma G\u00eamea&#8221;, sujeito a altera\u00e7\u00e3o de data e conte\u00fado.<\/p>\n<p>Sinopse &#8220;Alma G\u00eamea&#8221;: Rafael e Luna casam-se e t\u00eam um filho, mas a felicidade \u00e9 invejada por Cristina. Em um passeio, Rafael reage a um assalto e um dos ladr\u00f5es, que \u00e9 conhecido de Cristina, atira. Luna morre. Enquanto Rafael se desespera com a perda de Luna, em um lugar bem distante dali, nasce a menina Serena, filha de uma \u00edndia com um garimpeiro. Ela cresce em uma aldeia ind\u00edgena e tem vis\u00f5es. <\/p>\n<p>Vinte anos se passam da morte de Luna. Serena consegue trabalho como empregada na mans\u00e3o de Rafael. Serena tem em seu corpo uma marca de nascen\u00e7a, no mesmo lugar em que Luna levou o tiro. A trama segue envolta em mist\u00e9rios e marcada por fatos inexplic\u00e1veis. Rafael passa a acreditar que Serena \u00e9 de fato a reencarna\u00e7\u00e3o de Luna, se apaixona por ela e a pede em casamento. Cristina e sua m\u00e3e D\u00e9bora percebem que Serena representa uma amea\u00e7a, e a novela segue com as duas tramando de tudo para separar os dois.<\/p>\n","protected":false},"excerpt":{"rendered":"<p>Resumo da novela &#8220;Alma G\u00eamea&#8221; em 24\/10: no cap\u00edtulo 128(*) da novela, Luna manda que Serena tome cuidado com a est\u00e1tua, deixando-a preocupada. Cristina grita e todos na casa correm para ajud\u00e1-la. D\u00e9bora a manda se controlar. Alexandra exige saber se Eduardo vai agir como seu marido ou n\u00e3o. Eduardo e Alexandra se amam. K\u00e1tia [&hellip;]<\/p>\n","protected":false},"author":5,"featured_media":244165,"comment_status":"closed","ping_status":"closed","sticky":false,"template":"","format":"standard","meta":{"tdm_status":"","tdm_grid_status":"","footnotes":""},"categories":[2328,379,375,2025,343],"tags":[441],"class_list":{"0":"post-248733","1":"post","2":"type-post","3":"status-publish","4":"format-standard","5":"has-post-thumbnail","7":"category-alma-gemea","8":"category-novelas","9":"category-rede-globo","10":"category-resumo","11":"category-televisao","12":"tag-resumo-do-dia"},"_links":{"self":[{"href":"https:\/\/migracao.redenoticia.com.br\/noticia\/wp-json\/wp\/v2\/posts\/248733","targetHints":{"allow":["GET"]}}],"collection":[{"href":"https:\/\/migracao.redenoticia.com.br\/noticia\/wp-json\/wp\/v2\/posts"}],"about":[{"href":"https:\/\/migracao.redenoticia.com.br\/noticia\/wp-json\/wp\/v2\/types\/post"}],"author":[{"embeddable":true,"href":"https:\/\/migracao.redenoticia.com.br\/noticia\/wp-json\/wp\/v2\/users\/5"}],"replies":[{"embeddable":true,"href":"https:\/\/migracao.redenoticia.com.br\/noticia\/wp-json\/wp\/v2\/comments?post=248733"}],"version-history":[{"count":0,"href":"https:\/\/migracao.redenoticia.com.br\/noticia\/wp-json\/wp\/v2\/posts\/248733\/revisions"}],"wp:featuredmedia":[{"embeddable":true,"href":"https:\/\/migracao.redenoticia.com.br\/noticia\/wp-json\/wp\/v2\/media\/244165"}],"wp:attachment":[{"href":"https:\/\/migracao.redenoticia.com.br\/noticia\/wp-json\/wp\/v2\/media?parent=248733"}],"wp:term":[{"taxonomy":"category","embeddable":true,"href":"https:\/\/migracao.redenoticia.com.br\/noticia\/wp-json\/wp\/v2\/categories?post=248733"},{"taxonomy":"post_tag","embeddable":true,"href":"https:\/\/migracao.redenoticia.com.br\/noticia\/wp-json\/wp\/v2\/tags?post=248733"}],"curies":[{"name":"wp","href":"https:\/\/api.w.org\/{rel}","templated":true}]}}