{"id":248742,"date":"2024-10-24T14:19:54","date_gmt":"2024-10-24T17:19:54","guid":{"rendered":"https:\/\/www.redenoticia.com.br\/noticia\/?p=248742"},"modified":"2024-10-24T14:19:54","modified_gmt":"2024-10-24T17:19:54","slug":"resumo-mania-de-voce-25-10-ruda-conta-a-luma-o-que-descobriu-ao-investigar-santiago","status":"publish","type":"post","link":"https:\/\/migracao.redenoticia.com.br\/noticia\/2024\/resumo-mania-de-voce-25-10-ruda-conta-a-luma-o-que-descobriu-ao-investigar-santiago\/248742","title":{"rendered":"Resumo &#8220;Mania de Voc\u00ea&#8221; 25\/10: Rud\u00e1 conta a Luma o que descobriu ao investigar Santiago"},"content":{"rendered":"<p> <img loading=\"lazy\" decoding=\"async\" src=\"https:\/\/migracao.redenoticia.com.br\/noticia\/imagens\/resumo-mania-de-voce-novela-globo.jpg\" alt=\"\" width=\"1280\" height=\"720\" class=\"aligncenter size-full wp-image-247027\" srcset=\"https:\/\/migracao.redenoticia.com.br\/noticia\/imagens\/resumo-mania-de-voce-novela-globo.jpg 1280w, https:\/\/migracao.redenoticia.com.br\/noticia\/imagens\/resumo-mania-de-voce-novela-globo-250x140.jpg 250w, https:\/\/migracao.redenoticia.com.br\/noticia\/imagens\/resumo-mania-de-voce-novela-globo-400x225.jpg 400w, https:\/\/migracao.redenoticia.com.br\/noticia\/imagens\/resumo-mania-de-voce-novela-globo-768x432.jpg 768w, https:\/\/migracao.redenoticia.com.br\/noticia\/imagens\/resumo-mania-de-voce-novela-globo-150x85.jpg 150w\" sizes=\"auto, (max-width: 1280px) 100vw, 1280px\" \/> <\/p>\n<p><strong><em>Resumo da novela &#8220;Mania de Voc\u00ea&#8221;<\/em><\/strong> em 25\/10: no cap\u00edtulo 041(*) da novela, Luma pressiona Mavi e pede mais dinheiro a ele. Viola dispensa os seguran\u00e7as contratados por Mavi. Rud\u00e1 ouve Santiago falar sobre a chegada de uma embarca\u00e7\u00e3o. Viola chega em casa e d\u00e1 de cara com Walter. Mavi salva Viola. <\/p>\n<p>Rud\u00e1 conta a Luma o que descobriu ao investigar Santiago. Mavi pede que Nahum revele mais informa\u00e7\u00f5es sobre o passado de M\u00e9rcia. Moema denuncia para a pol\u00edcia o contrabando descoberto por Rud\u00e1, mesmo sabendo do envolvimento de Iber\u00ea.<\/p>\n<p>(*) edi\u00e7\u00e3o das novelas da Globo, &#8220;Mania de Voc\u00ea&#8221;, sujeito a altera\u00e7\u00e3o de data e conte\u00fado.<\/p>\n<p>Sinopse &#8220;Mania de Voc\u00ea&#8221;: Viola (Gabz) e Luma (Agatha Moreira), duas mulheres que nasceram no mesmo dia e se conhecem anos mais tarde, unidas por coincid\u00eancias que v\u00e3o al\u00e9m da data de anivers\u00e1rio. Uma jornada que as inclui num quarteto amoroso com Mavi (Chay Suede) e Rud\u00e1 (Nicolas Prattes) e que ser\u00e1 dividida entre a cumplicidade e a rivalidade, impactada por uma s\u00e9rie de circunst\u00e2ncias, como o segredo em torno de um assassinato. Como pano de fundo, o universo da gastronomia e o cen\u00e1rio da natureza paradis\u00edaca de Angra dos Reis.<\/p>\n<p>Na segunda fase de &#8220;Mania de Voc\u00ea&#8221;, que se passa 10 anos ap\u00f3s o assassinato de Molina (Rodrigo Lombardi), novos personagens aparecem na trama criada e escrita por Jo\u00e3o Emanuel Carneiro, com dire\u00e7\u00e3o art\u00edstica de Carlos Araujo. \u00c9 o caso da fam\u00edlia de Leidi (Thalita Carauta), que surge nos primeiros cap\u00edtulos da novela, mas retorna ao lado da fam\u00edlia na segunda fase, transformando a luxuosa rotina de \u00cdsis (Mariana Ximenes) em um pesadelo c\u00f4mico. <\/p>\n","protected":false},"excerpt":{"rendered":"<p>Resumo da novela &#8220;Mania de Voc\u00ea&#8221; em 25\/10: no cap\u00edtulo 041(*) da novela, Luma pressiona Mavi e pede mais dinheiro a ele. Viola dispensa os seguran\u00e7as contratados por Mavi. Rud\u00e1 ouve Santiago falar sobre a chegada de uma embarca\u00e7\u00e3o. Viola chega em casa e d\u00e1 de cara com Walter. Mavi salva Viola. Rud\u00e1 conta a [&hellip;]<\/p>\n","protected":false},"author":2,"featured_media":247026,"comment_status":"closed","ping_status":"closed","sticky":false,"template":"","format":"standard","meta":{"tdm_status":"","tdm_grid_status":"","footnotes":""},"categories":[2333,379,375,2025,343],"tags":[441],"class_list":{"0":"post-248742","1":"post","2":"type-post","3":"status-publish","4":"format-standard","5":"has-post-thumbnail","7":"category-mania-de-voce","8":"category-novelas","9":"category-rede-globo","10":"category-resumo","11":"category-televisao","12":"tag-resumo-do-dia"},"_links":{"self":[{"href":"https:\/\/migracao.redenoticia.com.br\/noticia\/wp-json\/wp\/v2\/posts\/248742","targetHints":{"allow":["GET"]}}],"collection":[{"href":"https:\/\/migracao.redenoticia.com.br\/noticia\/wp-json\/wp\/v2\/posts"}],"about":[{"href":"https:\/\/migracao.redenoticia.com.br\/noticia\/wp-json\/wp\/v2\/types\/post"}],"author":[{"embeddable":true,"href":"https:\/\/migracao.redenoticia.com.br\/noticia\/wp-json\/wp\/v2\/users\/2"}],"replies":[{"embeddable":true,"href":"https:\/\/migracao.redenoticia.com.br\/noticia\/wp-json\/wp\/v2\/comments?post=248742"}],"version-history":[{"count":0,"href":"https:\/\/migracao.redenoticia.com.br\/noticia\/wp-json\/wp\/v2\/posts\/248742\/revisions"}],"wp:featuredmedia":[{"embeddable":true,"href":"https:\/\/migracao.redenoticia.com.br\/noticia\/wp-json\/wp\/v2\/media\/247026"}],"wp:attachment":[{"href":"https:\/\/migracao.redenoticia.com.br\/noticia\/wp-json\/wp\/v2\/media?parent=248742"}],"wp:term":[{"taxonomy":"category","embeddable":true,"href":"https:\/\/migracao.redenoticia.com.br\/noticia\/wp-json\/wp\/v2\/categories?post=248742"},{"taxonomy":"post_tag","embeddable":true,"href":"https:\/\/migracao.redenoticia.com.br\/noticia\/wp-json\/wp\/v2\/tags?post=248742"}],"curies":[{"name":"wp","href":"https:\/\/api.w.org\/{rel}","templated":true}]}}