{"id":248776,"date":"2024-10-24T14:14:21","date_gmt":"2024-10-24T17:14:21","guid":{"rendered":"https:\/\/www.redenoticia.com.br\/noticia\/?p=248776"},"modified":"2024-10-24T14:14:21","modified_gmt":"2024-10-24T17:14:21","slug":"resumo-cabocla-25-10-zuca-diz-a-bina-que-vai-desmanchar-seu-noivado","status":"publish","type":"post","link":"https:\/\/migracao.redenoticia.com.br\/noticia\/2024\/resumo-cabocla-25-10-zuca-diz-a-bina-que-vai-desmanchar-seu-noivado\/248776","title":{"rendered":"Resumo &#8220;Cabocla&#8221; 25\/10: Zuca diz a Bina que vai desmanchar seu noivado"},"content":{"rendered":"<p> <img loading=\"lazy\" decoding=\"async\" src=\"https:\/\/migracao.redenoticia.com.br\/noticia\/imagens\/cabocla-resumo-novela.jpg\" alt=\"\" width=\"1280\" height=\"720\" class=\"aligncenter size-full wp-image-246754\" srcset=\"https:\/\/migracao.redenoticia.com.br\/noticia\/imagens\/cabocla-resumo-novela.jpg 1280w, https:\/\/migracao.redenoticia.com.br\/noticia\/imagens\/cabocla-resumo-novela-250x140.jpg 250w, https:\/\/migracao.redenoticia.com.br\/noticia\/imagens\/cabocla-resumo-novela-400x225.jpg 400w, https:\/\/migracao.redenoticia.com.br\/noticia\/imagens\/cabocla-resumo-novela-768x432.jpg 768w, https:\/\/migracao.redenoticia.com.br\/noticia\/imagens\/cabocla-resumo-novela-150x85.jpg 150w\" sizes=\"auto, (max-width: 1280px) 100vw, 1280px\" \/>  <\/p>\n<p><em><strong>Resumo da novela &#8220;Cabocla&#8221;<\/strong><\/em> em 25\/10: no cap\u00edtulo 053(*) da novela, Maria pensa em mandar algu\u00e9m chamar Boanerges, mas Emerenciana n\u00e3o quer. O m\u00e9dico afirma que Emerenciana est\u00e1 bem por enquanto, mas ainda corre o risco de perder a crian\u00e7a e precisa repousar. Chico conta para Mac\u00e1rio e o vig\u00e1rio que Fel\u00edcio ganhou a a\u00e7\u00e3o contra Justino. O coronel fica furioso e planeja se vingar, mas Xex\u00e9u o aconselha a mostrar humildade para ganhar a aprova\u00e7\u00e3o do povo. Maria fica assustada com o estado de fraqueza de Emerenciana. Justino diz a Fel\u00edcio que ele ganhou a causa, fingindo estar contente. Neco chega em casa. Tobias percebe que Justino est\u00e1 tentando levar vantagem na situa\u00e7\u00e3o e afirma que n\u00e3o deve nada para ele. Lu\u00eds fica apavorado ao saber que Emerenciana passou mal. Tobias conta para Lu\u00eds que eles ganharam a a\u00e7\u00e3o. Lu\u00eds fica chateado quando Tobias fala de seu casamento com Zuca. Neco avisa a Mariquinha que vai atr\u00e1s de Belinha. Zuca diz a Bina que vai desmanchar seu noivado com Tobias.   <\/p>\n<p>Zuca revela sua decis\u00e3o para o pai. Neco avisa a Justino que j\u00e1 sabe o que ele fez. Zuca garante aos pais que n\u00e3o vai voltar atr\u00e1s, deixando-os preocupados. Fel\u00edcio conta para Tom\u00e9 que ele vai perder a chance de ser feliz se sair atr\u00e1s de Rosa. Tom\u00e9 pede que Tina o esque\u00e7a e ela garante que s\u00f3 sente pena dele. Justino diz a Mariquinha que Boanerges vai acabar matando Neco se ele n\u00e3o esquecer Belinha. Tobias conta a Zuca que ganhou a a\u00e7\u00e3o e comemora que agora eles podem se casar. Zuca revela a Tobias que n\u00e3o o ama mais e n\u00e3o quer se casar com ele. Tobias pergunta a Zuca se ela tem outro e a cabocla garante que n\u00e3o. Tobias avisa a Z\u00e9 da Esta\u00e7\u00e3o que n\u00e3o vai deixar Zuca ficar com nenhum homem. Bina manda Zuca tomar cuidado com Tobias. Boanerges e Belinha chegam ao Rio. Tom\u00e9 v\u00ea Tobias b\u00eabado e manda que Lu\u00eds se prepare para o pior.<\/p>\n<p>(*) edi\u00e7\u00e3o das novelas da Globo, &#8220;Cabocla&#8221;, sujeito a altera\u00e7\u00e3o de data e conte\u00fado.<\/p>\n<p>Sinopse \u201cCabocla\u201d: Lu\u00eds Jer\u00f4nimo \u00e9 um jovem mulherengo, descobre que est\u00e1 com uma les\u00e3o no pulm\u00e3o e decide passar uma temporada na fazenda de um primo em Vila da Mata, o coronel Boanerges. Ele logo se encanta por Zuca. Eles enfrentar\u00e3o muita resist\u00eancia por conta de Zuca ser noiva do teimoso e encrenqueiro pe\u00e3o Tobias. Pepa, apaixonada por Lu\u00eds, se estabelece na fazenda vizinha, de propriedade do coronel vi\u00favo Justino, inimigo pol\u00edtico do coronel Boanerges.<\/p>\n<p>Paralelamente a esse embate, acontece o amor entre Belinha e Neco. Ela \u00e9 filha de Boanerges e Emerenciana; ele, de Justino. Em meio a tudo isso, eis que os sentimentos de Mariquinha, filha do coronel Justino e irm\u00e3 de Neco, por Tobias afloraram, fazendo-os viverem um quarteto amoroso ao lado de Zuca e Lu\u00eds Jer\u00f4nimo. No decorrer da trama, Tom\u00e9 desiste de esperar Rosa e se apaixona por Tina, por\u00e9m acaba morrendo, v\u00edtima de um assassinato, e deixa Tina vi\u00fava e gr\u00e1vida dele.<\/p>\n","protected":false},"excerpt":{"rendered":"<p>Resumo da novela &#8220;Cabocla&#8221; em 25\/10: no cap\u00edtulo 053(*) da novela, Maria pensa em mandar algu\u00e9m chamar Boanerges, mas Emerenciana n\u00e3o quer. O m\u00e9dico afirma que Emerenciana est\u00e1 bem por enquanto, mas ainda corre o risco de perder a crian\u00e7a e precisa repousar. Chico conta para Mac\u00e1rio e o vig\u00e1rio que Fel\u00edcio ganhou a a\u00e7\u00e3o [&hellip;]<\/p>\n","protected":false},"author":2,"featured_media":246755,"comment_status":"closed","ping_status":"closed","sticky":false,"template":"","format":"standard","meta":{"tdm_status":"","tdm_grid_status":"","footnotes":""},"categories":[2332,379,375,2025,343],"tags":[441],"class_list":{"0":"post-248776","1":"post","2":"type-post","3":"status-publish","4":"format-standard","5":"has-post-thumbnail","7":"category-cabocla","8":"category-novelas","9":"category-rede-globo","10":"category-resumo","11":"category-televisao","12":"tag-resumo-do-dia"},"_links":{"self":[{"href":"https:\/\/migracao.redenoticia.com.br\/noticia\/wp-json\/wp\/v2\/posts\/248776","targetHints":{"allow":["GET"]}}],"collection":[{"href":"https:\/\/migracao.redenoticia.com.br\/noticia\/wp-json\/wp\/v2\/posts"}],"about":[{"href":"https:\/\/migracao.redenoticia.com.br\/noticia\/wp-json\/wp\/v2\/types\/post"}],"author":[{"embeddable":true,"href":"https:\/\/migracao.redenoticia.com.br\/noticia\/wp-json\/wp\/v2\/users\/2"}],"replies":[{"embeddable":true,"href":"https:\/\/migracao.redenoticia.com.br\/noticia\/wp-json\/wp\/v2\/comments?post=248776"}],"version-history":[{"count":0,"href":"https:\/\/migracao.redenoticia.com.br\/noticia\/wp-json\/wp\/v2\/posts\/248776\/revisions"}],"wp:featuredmedia":[{"embeddable":true,"href":"https:\/\/migracao.redenoticia.com.br\/noticia\/wp-json\/wp\/v2\/media\/246755"}],"wp:attachment":[{"href":"https:\/\/migracao.redenoticia.com.br\/noticia\/wp-json\/wp\/v2\/media?parent=248776"}],"wp:term":[{"taxonomy":"category","embeddable":true,"href":"https:\/\/migracao.redenoticia.com.br\/noticia\/wp-json\/wp\/v2\/categories?post=248776"},{"taxonomy":"post_tag","embeddable":true,"href":"https:\/\/migracao.redenoticia.com.br\/noticia\/wp-json\/wp\/v2\/tags?post=248776"}],"curies":[{"name":"wp","href":"https:\/\/api.w.org\/{rel}","templated":true}]}}