{"id":249000,"date":"2024-10-31T16:18:35","date_gmt":"2024-10-31T19:18:35","guid":{"rendered":"https:\/\/www.redenoticia.com.br\/noticia\/?p=249000"},"modified":"2024-10-31T16:18:35","modified_gmt":"2024-10-31T19:18:35","slug":"resumo-alma-gemea-01-11-ciro-manda-rafael-tomar-cuidado-com-raul","status":"publish","type":"post","link":"https:\/\/migracao.redenoticia.com.br\/noticia\/2024\/resumo-alma-gemea-01-11-ciro-manda-rafael-tomar-cuidado-com-raul\/249000","title":{"rendered":"Resumo &#8220;Alma G\u00eamea&#8221; 01\/11: Ciro manda Rafael tomar cuidado com Raul"},"content":{"rendered":"<p> <img loading=\"lazy\" decoding=\"async\" src=\"https:\/\/migracao.redenoticia.com.br\/noticia\/imagens\/resumo-alma-gemea-logo-novela.jpg\" alt=\"\" width=\"1280\" height=\"720\" class=\"aligncenter size-full wp-image-244166\" srcset=\"https:\/\/migracao.redenoticia.com.br\/noticia\/imagens\/resumo-alma-gemea-logo-novela.jpg 1280w, https:\/\/migracao.redenoticia.com.br\/noticia\/imagens\/resumo-alma-gemea-logo-novela-250x140.jpg 250w, https:\/\/migracao.redenoticia.com.br\/noticia\/imagens\/resumo-alma-gemea-logo-novela-400x225.jpg 400w, https:\/\/migracao.redenoticia.com.br\/noticia\/imagens\/resumo-alma-gemea-logo-novela-768x432.jpg 768w, https:\/\/migracao.redenoticia.com.br\/noticia\/imagens\/resumo-alma-gemea-logo-novela-150x85.jpg 150w\" sizes=\"auto, (max-width: 1280px) 100vw, 1280px\" \/><\/p>\n<p><em><strong>Resumo da novela &#8220;Alma G\u00eamea&#8221;<\/strong><\/em> em 01\/11: no cap\u00edtulo 134(*) da novela, Eduardo n\u00e3o acredita quando Alexandra diz que est\u00e1 sendo seguida. Ciro manda Rafael tomar cuidado com Raul, pois ele n\u00e3o \u00e9 honesto. Rafael promete que vai examinar os livros de contabilidade. Nina chora por ter perdido Felipe. O Falecido persegue Of\u00e9lia e ela foge dele. Nina garante ao Falecido que ele ainda vai conseguir reconquistar Of\u00e9lia. Mirella agradece a Gumercindo pelo que fez. Vit\u00f3rio pede a Gumercindo para ajud\u00e1-lo a colocar purgante na comida do restaurante. Jorge pede perd\u00e3o a Mirna e pergunta se ela ainda quer casar com ele. Rafael, Felipe e Serena v\u00e3o comprar o fumo de corda. Mirna diz a Jorge que precisa pensar. Raul zomba de Roberval, que fica mais ciumento. Os cabelos de Vera come\u00e7am a cair, deixando-a muito triste. Rafael ensina Felipe a podar as roseiras. Alexandra encontra a maleta das j\u00f3ias com a ajuda das crian\u00e7as, mas logo depois d\u00e1 de cara com Ivan.<\/p>\n<p>Ivan exige que Alexandra lhe entregue as j\u00f3ias, mas ela se recusa. Ciro ouve Alexandra gritando por socorro e enfrenta Ivan. Um policial interv\u00e9m e Ivan foge. V\u00e1rios amigos de Rafael e Serena se oferecem para ajud\u00e1-los a salvar o roseiral. Guto fala para Cristina que as j\u00f3ias foram encontradas e que este \u00e9 o come\u00e7o do seu fim. Ivan diz a D\u00e9bora e Cristina que precisam fugir da cidade. D\u00e9bora garante que tem um plano. Julian afirma para Vera que seus cabelos est\u00e3o caindo por nervosismo e n\u00e3o por causa da doen\u00e7a. Ele sugere que busquem uma pessoa que faz opera\u00e7\u00f5es espirituais para tentar cur\u00e1-la. Vera n\u00e3o acredita que seu caso tenha solu\u00e7\u00e3o. Alexandra mostra a Agnes e Adelaide que encontrou as j\u00f3ias, deixando-as muito emocionadas. Alexandra pede que Agnes devolva as j\u00f3ias \u00e0 verdadeira dona, pois s\u00f3 assim o esp\u00edrito de Guto descansar\u00e1. Raul d\u00e1 um beijo em Dalila. Roberval v\u00ea. D\u00e9bora conta para Ivan que vai dar um jeito em Rafael e explica que precisa da ajuda dele. Agnes entrega as j\u00f3ias a Serena. Serena coloca um diadema e, ao ver-se no espelho, v\u00ea o reflexo de Luna.  <\/p>\n<p>(*) edi\u00e7\u00e3o das novelas da Globo, &#8220;Alma G\u00eamea&#8221;, sujeito a altera\u00e7\u00e3o de data e conte\u00fado.<\/p>\n<p>Sinopse &#8220;Alma G\u00eamea&#8221;: Rafael e Luna casam-se e t\u00eam um filho, mas a felicidade \u00e9 invejada por Cristina. Em um passeio, Rafael reage a um assalto e um dos ladr\u00f5es, que \u00e9 conhecido de Cristina, atira. Luna morre. Enquanto Rafael se desespera com a perda de Luna, em um lugar bem distante dali, nasce a menina Serena, filha de uma \u00edndia com um garimpeiro. Ela cresce em uma aldeia ind\u00edgena e tem vis\u00f5es. <\/p>\n<p>Vinte anos se passam da morte de Luna. Serena consegue trabalho como empregada na mans\u00e3o de Rafael. Serena tem em seu corpo uma marca de nascen\u00e7a, no mesmo lugar em que Luna levou o tiro. A trama segue envolta em mist\u00e9rios e marcada por fatos inexplic\u00e1veis. Rafael passa a acreditar que Serena \u00e9 de fato a reencarna\u00e7\u00e3o de Luna, se apaixona por ela e a pede em casamento. Cristina e sua m\u00e3e D\u00e9bora percebem que Serena representa uma amea\u00e7a, e a novela segue com as duas tramando de tudo para separar os dois.<\/p>\n","protected":false},"excerpt":{"rendered":"<p>Resumo da novela &#8220;Alma G\u00eamea&#8221; em 01\/11: no cap\u00edtulo 134(*) da novela, Eduardo n\u00e3o acredita quando Alexandra diz que est\u00e1 sendo seguida. Ciro manda Rafael tomar cuidado com Raul, pois ele n\u00e3o \u00e9 honesto. Rafael promete que vai examinar os livros de contabilidade. Nina chora por ter perdido Felipe. O Falecido persegue Of\u00e9lia e ela [&hellip;]<\/p>\n","protected":false},"author":5,"featured_media":244165,"comment_status":"closed","ping_status":"closed","sticky":false,"template":"","format":"standard","meta":{"tdm_status":"","tdm_grid_status":"","footnotes":""},"categories":[2328,379,375,2025,343],"tags":[441],"class_list":{"0":"post-249000","1":"post","2":"type-post","3":"status-publish","4":"format-standard","5":"has-post-thumbnail","7":"category-alma-gemea","8":"category-novelas","9":"category-rede-globo","10":"category-resumo","11":"category-televisao","12":"tag-resumo-do-dia"},"_links":{"self":[{"href":"https:\/\/migracao.redenoticia.com.br\/noticia\/wp-json\/wp\/v2\/posts\/249000","targetHints":{"allow":["GET"]}}],"collection":[{"href":"https:\/\/migracao.redenoticia.com.br\/noticia\/wp-json\/wp\/v2\/posts"}],"about":[{"href":"https:\/\/migracao.redenoticia.com.br\/noticia\/wp-json\/wp\/v2\/types\/post"}],"author":[{"embeddable":true,"href":"https:\/\/migracao.redenoticia.com.br\/noticia\/wp-json\/wp\/v2\/users\/5"}],"replies":[{"embeddable":true,"href":"https:\/\/migracao.redenoticia.com.br\/noticia\/wp-json\/wp\/v2\/comments?post=249000"}],"version-history":[{"count":0,"href":"https:\/\/migracao.redenoticia.com.br\/noticia\/wp-json\/wp\/v2\/posts\/249000\/revisions"}],"wp:featuredmedia":[{"embeddable":true,"href":"https:\/\/migracao.redenoticia.com.br\/noticia\/wp-json\/wp\/v2\/media\/244165"}],"wp:attachment":[{"href":"https:\/\/migracao.redenoticia.com.br\/noticia\/wp-json\/wp\/v2\/media?parent=249000"}],"wp:term":[{"taxonomy":"category","embeddable":true,"href":"https:\/\/migracao.redenoticia.com.br\/noticia\/wp-json\/wp\/v2\/categories?post=249000"},{"taxonomy":"post_tag","embeddable":true,"href":"https:\/\/migracao.redenoticia.com.br\/noticia\/wp-json\/wp\/v2\/tags?post=249000"}],"curies":[{"name":"wp","href":"https:\/\/api.w.org\/{rel}","templated":true}]}}