{"id":2491,"date":"2009-06-07T09:50:50","date_gmt":"2009-06-07T13:50:50","guid":{"rendered":"http:\/\/www.redenoticia.com.br\/noticia\/?p=2491"},"modified":"2009-06-07T18:12:29","modified_gmt":"2009-06-07T22:12:29","slug":"prorrogacao-da-inscricao-para-concurso-da-sesau-em-rondonia","status":"publish","type":"post","link":"https:\/\/migracao.redenoticia.com.br\/noticia\/2009\/prorrogacao-da-inscricao-para-concurso-da-sesau-em-rondonia\/2491","title":{"rendered":"Prorroga\u00e7\u00e3o da Inscri\u00e7\u00e3o para concurso da SESAU em Rond\u00f4nia"},"content":{"rendered":"<p><span style=\"font-family: Arial;\">O <span>Secret\u00e1rio de Estado da Administra\u00e7\u00e3o do Governo de Rond\u00f4nia<\/span>, Senhor <span>VALDIR ALVES DA SILVA<\/span>, no uso de suas atribui\u00e7\u00f5es legais e de conformidade com a Lei Complementar n. 327, de 13 de dezembro de 2005, justificativa emitida pela FUNCAB, abaixo citada, torna p\u00fablica a <span>prorroga\u00e7\u00e3o das inscri\u00e7\u00f5es<\/span> do Concurso P\u00fablico da Secretaria de Estado da Sa\u00fade, regido pelo Edital n. 149\/GDRH\/SEAD, de 22 de abril de 2009, somente pela <span>Internet<\/span>, pelo site <\/span><a href=\"http:\/\/www.funcab.org\/\" target=\"_blank\"><span style=\"font-family: Arial;\">www.funcab.org<\/span><\/a><span style=\"font-family: Arial;\">,<span> para o pr\u00f3ximo domingo, dia 07 de junho de 2009<\/span>, at\u00e9 \u00e0s 23h 59min, com pagamento do boleto banc\u00e1rio <span>at\u00e9 o dia 08 de junho de 2009<\/span>. <\/span><\/p>\n<p><span style=\"font-family: Arial;\">As demais datas do Cronograma Previsto permanecem inalteradas.<\/span><\/p>\n<p><span style=\"text-decoration: underline;\"><span style=\"font-family: Arial;\">Justificativa FUNCAB<\/span><\/span><\/p>\n<p><span style=\"font-family: Arial;\">Devido a problemas t\u00e9cnicos ocorridos com o fornecedor de link, que deixaram nossos servi\u00e7ostemporariamente fora do ar, na tarde do dia 05 de junho, impedindo a realiza\u00e7\u00e3o das inscri\u00e7\u00f5es do Concurso P\u00fablico para a Secretaria de Estado da Sa\u00fade de Rond\u00f4nia, no portal <\/span><a href=\"http:\/\/www.funcab.org\/\" target=\"_blank\"><span style=\"font-family: Arial;\">www.funcab.org<\/span><\/a><span style=\"font-family: Arial;\">, as inscri\u00e7\u00f5es pela internet ficam prorrogadas para o pr\u00f3ximo domingo, dia 07 de junho, at\u00e9 as 23h59min. <\/span><\/p>\n<p><span style=\"font-family: Arial;\">O pagamento do boleto banc\u00e1rio poder\u00e1 ser feito at\u00e9 o dia 08 de junho. Informa\u00e7\u00f5es: site: <\/span><a href=\"http:\/\/www.funcab.org\/\" target=\"_blank\"><span style=\"font-family: Arial;\">www.funcab.org<\/span><\/a><span style=\"font-family: Arial;\"> ou tel. (69) 3224-5460 \/ (21) 2621-0966.\u201d<\/span><\/p>\n","protected":false},"excerpt":{"rendered":"<p>O Secret\u00e1rio de Estado da Administra\u00e7\u00e3o do Governo de Rond\u00f4nia, Senhor VALDIR ALVES DA SILVA, no uso de suas atribui\u00e7\u00f5es legais e de conformidade com a Lei Complementar n. 327, de 13 de dezembro de 2005, justificativa emitida pela FUNCAB, abaixo citada, torna p\u00fablica a prorroga\u00e7\u00e3o das inscri\u00e7\u00f5es do Concurso P\u00fablico da Secretaria de Estado [&hellip;]<\/p>\n","protected":false},"author":3,"featured_media":0,"comment_status":"open","ping_status":"open","sticky":false,"template":"","format":"standard","meta":{"tdm_status":"","tdm_grid_status":"","footnotes":""},"categories":[22],"tags":[],"class_list":{"0":"post-2491","1":"post","2":"type-post","3":"status-publish","4":"format-standard","6":"category-brasil"},"_links":{"self":[{"href":"https:\/\/migracao.redenoticia.com.br\/noticia\/wp-json\/wp\/v2\/posts\/2491","targetHints":{"allow":["GET"]}}],"collection":[{"href":"https:\/\/migracao.redenoticia.com.br\/noticia\/wp-json\/wp\/v2\/posts"}],"about":[{"href":"https:\/\/migracao.redenoticia.com.br\/noticia\/wp-json\/wp\/v2\/types\/post"}],"author":[{"embeddable":true,"href":"https:\/\/migracao.redenoticia.com.br\/noticia\/wp-json\/wp\/v2\/users\/3"}],"replies":[{"embeddable":true,"href":"https:\/\/migracao.redenoticia.com.br\/noticia\/wp-json\/wp\/v2\/comments?post=2491"}],"version-history":[{"count":0,"href":"https:\/\/migracao.redenoticia.com.br\/noticia\/wp-json\/wp\/v2\/posts\/2491\/revisions"}],"wp:attachment":[{"href":"https:\/\/migracao.redenoticia.com.br\/noticia\/wp-json\/wp\/v2\/media?parent=2491"}],"wp:term":[{"taxonomy":"category","embeddable":true,"href":"https:\/\/migracao.redenoticia.com.br\/noticia\/wp-json\/wp\/v2\/categories?post=2491"},{"taxonomy":"post_tag","embeddable":true,"href":"https:\/\/migracao.redenoticia.com.br\/noticia\/wp-json\/wp\/v2\/tags?post=2491"}],"curies":[{"name":"wp","href":"https:\/\/api.w.org\/{rel}","templated":true}]}}