{"id":249122,"date":"2024-11-05T14:45:11","date_gmt":"2024-11-05T17:45:11","guid":{"rendered":"https:\/\/www.redenoticia.com.br\/noticia\/?p=249122"},"modified":"2024-11-05T14:45:11","modified_gmt":"2024-11-05T17:45:11","slug":"resumo-volta-por-cima-06-11-joyce-ve-osmar-no-forro-com-violeta","status":"publish","type":"post","link":"https:\/\/migracao.redenoticia.com.br\/noticia\/2024\/resumo-volta-por-cima-06-11-joyce-ve-osmar-no-forro-com-violeta\/249122","title":{"rendered":"Resumo &#8220;Volta Por Cima&#8221; 06\/11: Joyce v\u00ea Osmar no forr\u00f3 com Violeta"},"content":{"rendered":"<p> <img loading=\"lazy\" decoding=\"async\" src=\"https:\/\/migracao.redenoticia.com.br\/noticia\/imagens\/volta-por-cima-resumo-novela-elenco.jpg\" alt=\"\" width=\"1280\" height=\"720\" class=\"aligncenter size-full wp-image-247806\" srcset=\"https:\/\/migracao.redenoticia.com.br\/noticia\/imagens\/volta-por-cima-resumo-novela-elenco.jpg 1280w, https:\/\/migracao.redenoticia.com.br\/noticia\/imagens\/volta-por-cima-resumo-novela-elenco-250x140.jpg 250w, https:\/\/migracao.redenoticia.com.br\/noticia\/imagens\/volta-por-cima-resumo-novela-elenco-400x225.jpg 400w, https:\/\/migracao.redenoticia.com.br\/noticia\/imagens\/volta-por-cima-resumo-novela-elenco-768x432.jpg 768w, https:\/\/migracao.redenoticia.com.br\/noticia\/imagens\/volta-por-cima-resumo-novela-elenco-150x85.jpg 150w\" sizes=\"auto, (max-width: 1280px) 100vw, 1280px\" \/><\/p>\n<p><strong><em>Resumo da novela &#8220;Volta Por Cima&#8221;<\/em><\/strong> em 06\/11: no cap\u00edtulo 033(*) da novela, Osmar chama Tati e Doralice para morar com ele. J\u00e3o repreende Neuza. Cida discute com Sidney. Roxelle e Chico, Sebastian e Joyce e Osmar e Violeta combinam de ir ao mesmo forr\u00f3. Madalena e Tati se enfrentam. <\/p>\n<p>J\u00e3o e Nando se conhecem. A professora de Tati sugere novas ideias de trabalho para Madalena. Sidney vai \u00e0 casa de Cida. J\u00e3o sugere que Madalena procure um advogado. Joyce v\u00ea Osmar no forr\u00f3 com Violeta.<\/p>\n<p>(*) edi\u00e7\u00e3o das novelas da Globo, &#8220;Volta Por Cima&#8221;, sujeito a altera\u00e7\u00e3o de data e conte\u00fado.<\/p>\n<p>Sinopse &#8220;Volta Por Cima&#8221;: Mad\u00e1 (J\u00e9ssica Ellen) \u00e9 uma jovem costureira que ainda busca sua voca\u00e7\u00e3o na vida e vive com os pais, o condutor de \u00f4nibus da Via\u00e7\u00e3o Formosa, Lindomar (MV Bill) e a tamb\u00e9m costureira, Doralice (Tereza Seiblitz), junto da irm\u00e3 adolescente, Tati (Bia Santana), e o tio folgado, Osmar (Milhem Cortaz), na fict\u00edcia Vila Cambuc\u00e1, bairro suburbano do Rio de Janeiro. <\/p>\n<p>L\u00e1 tamb\u00e9m mora o fiscal de \u00f4nibus J\u00e3o (Fabr\u00edcio Boliveira), colega de trabalho de Lindomar. Ele foi criado sozinho pela m\u00e3e, Neuza (Valdineia Soriano) \u2013 que esconde a identidade do seu pai \u2013 e luta para mudar de vida, se formando em administra\u00e7\u00e3o. Mesmo tendo em comum a for\u00e7a de vontade para continuar batalhando em meio \u00e0s dificuldades, Mad\u00e1 e J\u00e3o n\u00e3o se bicam, e vivem em conflito, at\u00e9 que uma trag\u00e9dia muda suas vidas para sempre.<\/p>\n","protected":false},"excerpt":{"rendered":"<p>Resumo da novela &#8220;Volta Por Cima&#8221; em 06\/11: no cap\u00edtulo 033(*) da novela, Osmar chama Tati e Doralice para morar com ele. J\u00e3o repreende Neuza. Cida discute com Sidney. Roxelle e Chico, Sebastian e Joyce e Osmar e Violeta combinam de ir ao mesmo forr\u00f3. Madalena e Tati se enfrentam. J\u00e3o e Nando se conhecem. [&hellip;]<\/p>\n","protected":false},"author":3,"featured_media":247805,"comment_status":"closed","ping_status":"closed","sticky":false,"template":"","format":"standard","meta":{"tdm_status":"","tdm_grid_status":"","footnotes":""},"categories":[379,375,2025,343,2334],"tags":[441],"class_list":{"0":"post-249122","1":"post","2":"type-post","3":"status-publish","4":"format-standard","5":"has-post-thumbnail","7":"category-novelas","8":"category-rede-globo","9":"category-resumo","10":"category-televisao","11":"category-volta-por-cima","12":"tag-resumo-do-dia"},"_links":{"self":[{"href":"https:\/\/migracao.redenoticia.com.br\/noticia\/wp-json\/wp\/v2\/posts\/249122","targetHints":{"allow":["GET"]}}],"collection":[{"href":"https:\/\/migracao.redenoticia.com.br\/noticia\/wp-json\/wp\/v2\/posts"}],"about":[{"href":"https:\/\/migracao.redenoticia.com.br\/noticia\/wp-json\/wp\/v2\/types\/post"}],"author":[{"embeddable":true,"href":"https:\/\/migracao.redenoticia.com.br\/noticia\/wp-json\/wp\/v2\/users\/3"}],"replies":[{"embeddable":true,"href":"https:\/\/migracao.redenoticia.com.br\/noticia\/wp-json\/wp\/v2\/comments?post=249122"}],"version-history":[{"count":0,"href":"https:\/\/migracao.redenoticia.com.br\/noticia\/wp-json\/wp\/v2\/posts\/249122\/revisions"}],"wp:featuredmedia":[{"embeddable":true,"href":"https:\/\/migracao.redenoticia.com.br\/noticia\/wp-json\/wp\/v2\/media\/247805"}],"wp:attachment":[{"href":"https:\/\/migracao.redenoticia.com.br\/noticia\/wp-json\/wp\/v2\/media?parent=249122"}],"wp:term":[{"taxonomy":"category","embeddable":true,"href":"https:\/\/migracao.redenoticia.com.br\/noticia\/wp-json\/wp\/v2\/categories?post=249122"},{"taxonomy":"post_tag","embeddable":true,"href":"https:\/\/migracao.redenoticia.com.br\/noticia\/wp-json\/wp\/v2\/tags?post=249122"}],"curies":[{"name":"wp","href":"https:\/\/api.w.org\/{rel}","templated":true}]}}