{"id":249156,"date":"2024-11-06T14:24:22","date_gmt":"2024-11-06T17:24:22","guid":{"rendered":"https:\/\/www.redenoticia.com.br\/noticia\/?p=249156"},"modified":"2024-11-06T14:24:22","modified_gmt":"2024-11-06T17:24:22","slug":"resumo-cabocla-07-11-tome-volta-para-casa","status":"publish","type":"post","link":"https:\/\/migracao.redenoticia.com.br\/noticia\/2024\/resumo-cabocla-07-11-tome-volta-para-casa\/249156","title":{"rendered":"Resumo &#8220;Cabocla&#8221; 07\/11: Tom\u00e9 volta para casa"},"content":{"rendered":"<p> <img loading=\"lazy\" decoding=\"async\" src=\"https:\/\/migracao.redenoticia.com.br\/noticia\/imagens\/cabocla-resumo-novela.jpg\" alt=\"\" width=\"1280\" height=\"720\" class=\"aligncenter size-full wp-image-246754\" srcset=\"https:\/\/migracao.redenoticia.com.br\/noticia\/imagens\/cabocla-resumo-novela.jpg 1280w, https:\/\/migracao.redenoticia.com.br\/noticia\/imagens\/cabocla-resumo-novela-250x140.jpg 250w, https:\/\/migracao.redenoticia.com.br\/noticia\/imagens\/cabocla-resumo-novela-400x225.jpg 400w, https:\/\/migracao.redenoticia.com.br\/noticia\/imagens\/cabocla-resumo-novela-768x432.jpg 768w, https:\/\/migracao.redenoticia.com.br\/noticia\/imagens\/cabocla-resumo-novela-150x85.jpg 150w\" sizes=\"auto, (max-width: 1280px) 100vw, 1280px\" \/>  <\/p>\n<p><em><strong>Resumo da novela &#8220;Cabocla&#8221;<\/strong><\/em> em 07\/11: no cap\u00edtulo 064(*) da novela, Zaqueu diz a Neco que Fel\u00edcio pode ter sido v\u00edtima de uma emboscada, deixando-o preocupado. Generosa fala para Neco que Fel\u00edcio teve um problema de sa\u00fade. Zaqueu espalha para os caboclos que Fel\u00edcio foi atacado. Boanerges revela a seus advers\u00e1rios pol\u00edticos que Neco est\u00e1 jogando o povo contra eles. <\/p>\n<p>Tom\u00e9 volta para casa e fica desesperado ao saber que Fel\u00edcio est\u00e1 doente. Belinha pergunta a Zuca se ela tem certeza de que ela e Lu\u00eds seriam felizes juntos. Zuca fica angustiada. Dr. Teles avisa a Tobias que Fel\u00edcio corre risco de vida. Boanerges teme que Tobias n\u00e3o v\u00e1 ag\u00fcentar saber a verdade sobre Lu\u00eds e Zuca. Neco decide tentar ver Belinha. Tina reza por Fel\u00edcio. Tom\u00e9 diz para Generosa que n\u00e3o achou Rosa porque ela n\u00e3o quer ser encontrada. Generosa fica arrasada. Tom\u00e9 fala para Tina que vai tentar refazer sua vida, deixando-a feliz. Neco vai at\u00e9 a casa de Boanerges. <\/p>\n<p>(*) edi\u00e7\u00e3o das novelas da Globo, &#8220;Cabocla&#8221;, sujeito a altera\u00e7\u00e3o de data e conte\u00fado.<\/p>\n<p>Sinopse \u201cCabocla\u201d: Lu\u00eds Jer\u00f4nimo \u00e9 um jovem mulherengo, descobre que est\u00e1 com uma les\u00e3o no pulm\u00e3o e decide passar uma temporada na fazenda de um primo em Vila da Mata, o coronel Boanerges. Ele logo se encanta por Zuca. Eles enfrentar\u00e3o muita resist\u00eancia por conta de Zuca ser noiva do teimoso e encrenqueiro pe\u00e3o Tobias. Pepa, apaixonada por Lu\u00eds, se estabelece na fazenda vizinha, de propriedade do coronel vi\u00favo Justino, inimigo pol\u00edtico do coronel Boanerges.<\/p>\n<p>Paralelamente a esse embate, acontece o amor entre Belinha e Neco. Ela \u00e9 filha de Boanerges e Emerenciana; ele, de Justino. Em meio a tudo isso, eis que os sentimentos de Mariquinha, filha do coronel Justino e irm\u00e3 de Neco, por Tobias afloraram, fazendo-os viverem um quarteto amoroso ao lado de Zuca e Lu\u00eds Jer\u00f4nimo. No decorrer da trama, Tom\u00e9 desiste de esperar Rosa e se apaixona por Tina, por\u00e9m acaba morrendo, v\u00edtima de um assassinato, e deixa Tina vi\u00fava e gr\u00e1vida dele.<\/p>\n","protected":false},"excerpt":{"rendered":"<p>Resumo da novela &#8220;Cabocla&#8221; em 07\/11: no cap\u00edtulo 064(*) da novela, Zaqueu diz a Neco que Fel\u00edcio pode ter sido v\u00edtima de uma emboscada, deixando-o preocupado. Generosa fala para Neco que Fel\u00edcio teve um problema de sa\u00fade. Zaqueu espalha para os caboclos que Fel\u00edcio foi atacado. Boanerges revela a seus advers\u00e1rios pol\u00edticos que Neco est\u00e1 [&hellip;]<\/p>\n","protected":false},"author":2,"featured_media":246755,"comment_status":"closed","ping_status":"closed","sticky":false,"template":"","format":"standard","meta":{"tdm_status":"","tdm_grid_status":"","footnotes":""},"categories":[2332,379,375,2025,343],"tags":[441],"class_list":{"0":"post-249156","1":"post","2":"type-post","3":"status-publish","4":"format-standard","5":"has-post-thumbnail","7":"category-cabocla","8":"category-novelas","9":"category-rede-globo","10":"category-resumo","11":"category-televisao","12":"tag-resumo-do-dia"},"_links":{"self":[{"href":"https:\/\/migracao.redenoticia.com.br\/noticia\/wp-json\/wp\/v2\/posts\/249156","targetHints":{"allow":["GET"]}}],"collection":[{"href":"https:\/\/migracao.redenoticia.com.br\/noticia\/wp-json\/wp\/v2\/posts"}],"about":[{"href":"https:\/\/migracao.redenoticia.com.br\/noticia\/wp-json\/wp\/v2\/types\/post"}],"author":[{"embeddable":true,"href":"https:\/\/migracao.redenoticia.com.br\/noticia\/wp-json\/wp\/v2\/users\/2"}],"replies":[{"embeddable":true,"href":"https:\/\/migracao.redenoticia.com.br\/noticia\/wp-json\/wp\/v2\/comments?post=249156"}],"version-history":[{"count":0,"href":"https:\/\/migracao.redenoticia.com.br\/noticia\/wp-json\/wp\/v2\/posts\/249156\/revisions"}],"wp:featuredmedia":[{"embeddable":true,"href":"https:\/\/migracao.redenoticia.com.br\/noticia\/wp-json\/wp\/v2\/media\/246755"}],"wp:attachment":[{"href":"https:\/\/migracao.redenoticia.com.br\/noticia\/wp-json\/wp\/v2\/media?parent=249156"}],"wp:term":[{"taxonomy":"category","embeddable":true,"href":"https:\/\/migracao.redenoticia.com.br\/noticia\/wp-json\/wp\/v2\/categories?post=249156"},{"taxonomy":"post_tag","embeddable":true,"href":"https:\/\/migracao.redenoticia.com.br\/noticia\/wp-json\/wp\/v2\/tags?post=249156"}],"curies":[{"name":"wp","href":"https:\/\/api.w.org\/{rel}","templated":true}]}}