{"id":249286,"date":"2024-11-10T15:10:24","date_gmt":"2024-11-10T18:10:24","guid":{"rendered":"https:\/\/www.redenoticia.com.br\/noticia\/?p=249286"},"modified":"2024-11-10T15:10:24","modified_gmt":"2024-11-10T18:10:24","slug":"resumo-alma-gemea-11-11-katia-se-casa-com-crispim","status":"publish","type":"post","link":"https:\/\/migracao.redenoticia.com.br\/noticia\/2024\/resumo-alma-gemea-11-11-katia-se-casa-com-crispim\/249286","title":{"rendered":"Resumo &#8220;Alma G\u00eamea&#8221; 11\/11: K\u00e1tia se casa com Crispim"},"content":{"rendered":"<p> <img loading=\"lazy\" decoding=\"async\" src=\"https:\/\/migracao.redenoticia.com.br\/noticia\/imagens\/resumo-alma-gemea-logo-novela.jpg\" alt=\"\" width=\"1280\" height=\"720\" class=\"aligncenter size-full wp-image-244166\" srcset=\"https:\/\/migracao.redenoticia.com.br\/noticia\/imagens\/resumo-alma-gemea-logo-novela.jpg 1280w, https:\/\/migracao.redenoticia.com.br\/noticia\/imagens\/resumo-alma-gemea-logo-novela-250x140.jpg 250w, https:\/\/migracao.redenoticia.com.br\/noticia\/imagens\/resumo-alma-gemea-logo-novela-400x225.jpg 400w, https:\/\/migracao.redenoticia.com.br\/noticia\/imagens\/resumo-alma-gemea-logo-novela-768x432.jpg 768w, https:\/\/migracao.redenoticia.com.br\/noticia\/imagens\/resumo-alma-gemea-logo-novela-150x85.jpg 150w\" sizes=\"auto, (max-width: 1280px) 100vw, 1280px\" \/><\/p>\n<p><em><strong>Resumo da novela &#8220;Alma G\u00eamea&#8221;<\/strong><\/em> em 11\/11: no cap\u00edtulo 140(*) da novela, Chega o dia do casamento de Jorge e K\u00e1tia. Tr\u00eas mulheres interrompem o casamento, dizendo que Jorge j\u00e1 \u00e9 marido delas. Jorge sai correndo, apavorado. Serena conta para Rafael que sente uma sombra dentro dela toda vez que ele menciona o acordo que vai assinar com Cristina. Rafael explica para Serena que precisa assinar o acordo. O delegado leva Jorge preso por bigamia. K\u00e1tia fica arrasada. Crispim confessa a K\u00e1tia que ainda gosta dela e pergunta se ela n\u00e3o quer aproveitar que a festa est\u00e1 pronta e se casar com ele. K\u00e1tia se casa com Crispim e vai morar no s\u00edtio com Ritinha. K\u00e1tia garante que tudo dar\u00e1 certo, desde que haja amor. D\u00e9bora conta para Ivan que vai dar veneno a Rafael. <\/p>\n<p>Guto diz a Alexandra que algo de ruim vai acontecer a Rafael. Alexandra pede que Eduardo veja se Rafael est\u00e1 bem. H\u00e9lio examina o livro-caixa da empresa de rosas e percebe que as contas n\u00e3o conferem. Raul garante a H\u00e9lio que est\u00e1 enganado. Cristina e D\u00e9bora v\u00e3o \u00e0 casa de Rafael para assinar o acordo. Rafael pede que Eurico traga refrescos. Ivan, a mando de D\u00e9bora, d\u00e1 uma desculpa para tirar Eurico e Zulmira da cozinha. D\u00e9bora vai at\u00e9 a cozinha e mistura o veneno no refresco de Rafael, deixando o copo dele mais afastado. Eurico v\u00ea o copo torto na bandeja e o muda de lugar, para que D\u00e9bora n\u00e3o brigue com ele. Serena, Rafael, D\u00e9bora e Cristina bebem os refrescos.  <\/p>\n<p>(*) edi\u00e7\u00e3o das novelas da Globo, &#8220;Alma G\u00eamea&#8221;, sujeito a altera\u00e7\u00e3o de data e conte\u00fado.<\/p>\n<p>Sinopse &#8220;Alma G\u00eamea&#8221;: Rafael e Luna casam-se e t\u00eam um filho, mas a felicidade \u00e9 invejada por Cristina. Em um passeio, Rafael reage a um assalto e um dos ladr\u00f5es, que \u00e9 conhecido de Cristina, atira. Luna morre. Enquanto Rafael se desespera com a perda de Luna, em um lugar bem distante dali, nasce a menina Serena, filha de uma \u00edndia com um garimpeiro. Ela cresce em uma aldeia ind\u00edgena e tem vis\u00f5es. <\/p>\n<p>Vinte anos se passam da morte de Luna. Serena consegue trabalho como empregada na mans\u00e3o de Rafael. Serena tem em seu corpo uma marca de nascen\u00e7a, no mesmo lugar em que Luna levou o tiro. A trama segue envolta em mist\u00e9rios e marcada por fatos inexplic\u00e1veis. Rafael passa a acreditar que Serena \u00e9 de fato a reencarna\u00e7\u00e3o de Luna, se apaixona por ela e a pede em casamento. Cristina e sua m\u00e3e D\u00e9bora percebem que Serena representa uma amea\u00e7a, e a novela segue com as duas tramando de tudo para separar os dois.<\/p>\n","protected":false},"excerpt":{"rendered":"<p>Resumo da novela &#8220;Alma G\u00eamea&#8221; em 11\/11: no cap\u00edtulo 140(*) da novela, Chega o dia do casamento de Jorge e K\u00e1tia. Tr\u00eas mulheres interrompem o casamento, dizendo que Jorge j\u00e1 \u00e9 marido delas. Jorge sai correndo, apavorado. Serena conta para Rafael que sente uma sombra dentro dela toda vez que ele menciona o acordo que [&hellip;]<\/p>\n","protected":false},"author":5,"featured_media":244165,"comment_status":"closed","ping_status":"closed","sticky":false,"template":"","format":"standard","meta":{"tdm_status":"","tdm_grid_status":"","footnotes":""},"categories":[2328,379,375,2025,343],"tags":[441],"class_list":{"0":"post-249286","1":"post","2":"type-post","3":"status-publish","4":"format-standard","5":"has-post-thumbnail","7":"category-alma-gemea","8":"category-novelas","9":"category-rede-globo","10":"category-resumo","11":"category-televisao","12":"tag-resumo-do-dia"},"_links":{"self":[{"href":"https:\/\/migracao.redenoticia.com.br\/noticia\/wp-json\/wp\/v2\/posts\/249286","targetHints":{"allow":["GET"]}}],"collection":[{"href":"https:\/\/migracao.redenoticia.com.br\/noticia\/wp-json\/wp\/v2\/posts"}],"about":[{"href":"https:\/\/migracao.redenoticia.com.br\/noticia\/wp-json\/wp\/v2\/types\/post"}],"author":[{"embeddable":true,"href":"https:\/\/migracao.redenoticia.com.br\/noticia\/wp-json\/wp\/v2\/users\/5"}],"replies":[{"embeddable":true,"href":"https:\/\/migracao.redenoticia.com.br\/noticia\/wp-json\/wp\/v2\/comments?post=249286"}],"version-history":[{"count":0,"href":"https:\/\/migracao.redenoticia.com.br\/noticia\/wp-json\/wp\/v2\/posts\/249286\/revisions"}],"wp:featuredmedia":[{"embeddable":true,"href":"https:\/\/migracao.redenoticia.com.br\/noticia\/wp-json\/wp\/v2\/media\/244165"}],"wp:attachment":[{"href":"https:\/\/migracao.redenoticia.com.br\/noticia\/wp-json\/wp\/v2\/media?parent=249286"}],"wp:term":[{"taxonomy":"category","embeddable":true,"href":"https:\/\/migracao.redenoticia.com.br\/noticia\/wp-json\/wp\/v2\/categories?post=249286"},{"taxonomy":"post_tag","embeddable":true,"href":"https:\/\/migracao.redenoticia.com.br\/noticia\/wp-json\/wp\/v2\/tags?post=249286"}],"curies":[{"name":"wp","href":"https:\/\/api.w.org\/{rel}","templated":true}]}}