{"id":249315,"date":"2024-11-12T14:44:08","date_gmt":"2024-11-12T17:44:08","guid":{"rendered":"https:\/\/www.redenoticia.com.br\/noticia\/?p=249315"},"modified":"2024-11-12T14:44:08","modified_gmt":"2024-11-12T17:44:08","slug":"resumo-meu-caminho-e-te-amar-12-11-memo-e-cesar-se-encontram-2","status":"publish","type":"post","link":"https:\/\/migracao.redenoticia.com.br\/noticia\/2024\/resumo-meu-caminho-e-te-amar-12-11-memo-e-cesar-se-encontram-2\/249315","title":{"rendered":"Resumo \u201cMeu Caminho \u00e9 Te Amar\u201d 12\/11: Memo e C\u00e9sar se encontram"},"content":{"rendered":"<p><img loading=\"lazy\" decoding=\"async\" src=\"https:\/\/migracao.redenoticia.com.br\/noticia\/imagens\/meu-caminho-e-te-amar-resumo-capitulo-novela.jpg\" alt=\"\" width=\"1280\" height=\"720\" class=\"aligncenter size-full wp-image-248880\" srcset=\"https:\/\/migracao.redenoticia.com.br\/noticia\/imagens\/meu-caminho-e-te-amar-resumo-capitulo-novela.jpg 1280w, https:\/\/migracao.redenoticia.com.br\/noticia\/imagens\/meu-caminho-e-te-amar-resumo-capitulo-novela-250x140.jpg 250w, https:\/\/migracao.redenoticia.com.br\/noticia\/imagens\/meu-caminho-e-te-amar-resumo-capitulo-novela-400x225.jpg 400w, https:\/\/migracao.redenoticia.com.br\/noticia\/imagens\/meu-caminho-e-te-amar-resumo-capitulo-novela-768x432.jpg 768w, https:\/\/migracao.redenoticia.com.br\/noticia\/imagens\/meu-caminho-e-te-amar-resumo-capitulo-novela-150x85.jpg 150w\" sizes=\"auto, (max-width: 1280px) 100vw, 1280px\" \/><\/p>\n<p><strong><em>Resumo da novela \u201cMeu Caminho \u00e9 Te Amar\u201d<\/em><\/strong> em 12\/11: no cap\u00edtulo 012(*) da novela, Isabella conta a Memo que \u00e9 adotada e pede que ele a deixe morar com ele. Memo reage de forma surpreendente e tenta consolar a menor em sua dor. Daniela perdoa Fausto ao saber que Karen comprou a fantasia para que o casal pudesse reacender a chama da paix\u00e3o. Isabella confessa aos pais que j\u00e1 sabe que \u00e9 adotada. Daniela e Fausto ficam surpresos, mas ela se consola. Daniela garante a Isabella que a ama como ningu\u00e9m e explica onde est\u00e1 sua m\u00e3e biol\u00f3gica.<\/p>\n<p>Daniela pede a Fausto que descubra o nome da m\u00e3e biol\u00f3gica de Isabella, mas ele se recusa totalmente a revel\u00e1-lo. Karen lembra o que fez para Daniela perder o filho ao ingerir os comprimidos que colocou na bebida. Memo e C\u00e9sar se encontram, causando desconforto em \u00darsula. Fausto descobre que Karen apareceu mesmo em seu encontro, por isso prefere passar o dia com ela a cumprir a palavra com Isabella. Memo vai \u00e0 reuni\u00e3o da escola de Isabella e cativa as crian\u00e7as ao conversar com elas sobre seu trabalho como caminhoneiro, sendo Isabella a mais feliz.<\/p>\n<p>(*) edi\u00e7\u00e3o das novelas do SBT, \u201cMeu Caminho \u00e9 Te Amar\u201d, sujeito a altera\u00e7\u00e3o de data e conte\u00fado.<\/p>\n<p>Sinopse: \u201cMeu Caminho \u00e9 Te Amar\u201d conta a hist\u00f3ria de Guillermo, que decide trabalhar com Daniela para ficar pr\u00f3ximo de Isabella, ao mesmo tempo em que confirma com um teste de DNA que \u00e9 pai dela. Gra\u00e7as \u00e0 conviv\u00eancia di\u00e1ria, Guillermo se torna confidente de Daniela e \u00e9 assim que descobre a solid\u00e3o que ela vivencia no casamento e que sua \u00fanica raz\u00e3o de estar na vida \u00e9 Isabella. <\/p>\n<p>Com o passar do tempo, Daniela e Guillermo come\u00e7am a se apaixonar, mas decidem guardar seus sentimentos para si para respeitar os compromissos com os parceiros. Ambos enfrentar\u00e3o uma jornada cheia de obst\u00e1culos, com a promessa de que um dia percorrer\u00e3o os caminhos do amor com Isabella.<\/p>\n","protected":false},"excerpt":{"rendered":"<p>Resumo da novela \u201cMeu Caminho \u00e9 Te Amar\u201d em 12\/11: no cap\u00edtulo 012(*) da novela, Isabella conta a Memo que \u00e9 adotada e pede que ele a deixe morar com ele. Memo reage de forma surpreendente e tenta consolar a menor em sua dor. Daniela perdoa Fausto ao saber que Karen comprou a fantasia para [&hellip;]<\/p>\n","protected":false},"author":3,"featured_media":248881,"comment_status":"closed","ping_status":"closed","sticky":false,"template":"","format":"standard","meta":{"tdm_status":"","tdm_grid_status":"","footnotes":""},"categories":[2335,379,2025,372,343],"tags":[441],"class_list":{"0":"post-249315","1":"post","2":"type-post","3":"status-publish","4":"format-standard","5":"has-post-thumbnail","7":"category-meu-caminho-e-te-amar","8":"category-novelas","9":"category-resumo","10":"category-sbt","11":"category-televisao","12":"tag-resumo-do-dia"},"_links":{"self":[{"href":"https:\/\/migracao.redenoticia.com.br\/noticia\/wp-json\/wp\/v2\/posts\/249315","targetHints":{"allow":["GET"]}}],"collection":[{"href":"https:\/\/migracao.redenoticia.com.br\/noticia\/wp-json\/wp\/v2\/posts"}],"about":[{"href":"https:\/\/migracao.redenoticia.com.br\/noticia\/wp-json\/wp\/v2\/types\/post"}],"author":[{"embeddable":true,"href":"https:\/\/migracao.redenoticia.com.br\/noticia\/wp-json\/wp\/v2\/users\/3"}],"replies":[{"embeddable":true,"href":"https:\/\/migracao.redenoticia.com.br\/noticia\/wp-json\/wp\/v2\/comments?post=249315"}],"version-history":[{"count":0,"href":"https:\/\/migracao.redenoticia.com.br\/noticia\/wp-json\/wp\/v2\/posts\/249315\/revisions"}],"wp:featuredmedia":[{"embeddable":true,"href":"https:\/\/migracao.redenoticia.com.br\/noticia\/wp-json\/wp\/v2\/media\/248881"}],"wp:attachment":[{"href":"https:\/\/migracao.redenoticia.com.br\/noticia\/wp-json\/wp\/v2\/media?parent=249315"}],"wp:term":[{"taxonomy":"category","embeddable":true,"href":"https:\/\/migracao.redenoticia.com.br\/noticia\/wp-json\/wp\/v2\/categories?post=249315"},{"taxonomy":"post_tag","embeddable":true,"href":"https:\/\/migracao.redenoticia.com.br\/noticia\/wp-json\/wp\/v2\/tags?post=249315"}],"curies":[{"name":"wp","href":"https:\/\/api.w.org\/{rel}","templated":true}]}}