{"id":249338,"date":"2024-11-12T13:12:41","date_gmt":"2024-11-12T16:12:41","guid":{"rendered":"https:\/\/www.redenoticia.com.br\/noticia\/?p=249338"},"modified":"2024-11-12T13:12:41","modified_gmt":"2024-11-12T16:12:41","slug":"resumo-meu-caminho-e-te-amar-13-11-memo-encontra-fausto-e-karen-se-beijando","status":"publish","type":"post","link":"https:\/\/migracao.redenoticia.com.br\/noticia\/2024\/resumo-meu-caminho-e-te-amar-13-11-memo-encontra-fausto-e-karen-se-beijando\/249338","title":{"rendered":"Resumo \u201cMeu Caminho \u00e9 Te Amar\u201d 13\/11: Memo encontra Fausto e Karen se beijando"},"content":{"rendered":"<p> <img loading=\"lazy\" decoding=\"async\" src=\"https:\/\/migracao.redenoticia.com.br\/noticia\/imagens\/meu-caminho-e-te-amar-resumo-capitulo-novela.jpg\" alt=\"\" width=\"1280\" height=\"720\" class=\"aligncenter size-full wp-image-248880\" srcset=\"https:\/\/migracao.redenoticia.com.br\/noticia\/imagens\/meu-caminho-e-te-amar-resumo-capitulo-novela.jpg 1280w, https:\/\/migracao.redenoticia.com.br\/noticia\/imagens\/meu-caminho-e-te-amar-resumo-capitulo-novela-250x140.jpg 250w, https:\/\/migracao.redenoticia.com.br\/noticia\/imagens\/meu-caminho-e-te-amar-resumo-capitulo-novela-400x225.jpg 400w, https:\/\/migracao.redenoticia.com.br\/noticia\/imagens\/meu-caminho-e-te-amar-resumo-capitulo-novela-768x432.jpg 768w, https:\/\/migracao.redenoticia.com.br\/noticia\/imagens\/meu-caminho-e-te-amar-resumo-capitulo-novela-150x85.jpg 150w\" sizes=\"auto, (max-width: 1280px) 100vw, 1280px\" \/><\/p>\n<p><strong><em>Resumo da novela \u201cMeu Caminho \u00e9 Te Amar\u201d<\/em><\/strong> em 13\/11: no cap\u00edtulo 013(*) da novela, Daniela pede a Fausto que descubra o nome da m\u00e3e biol\u00f3gica de Isabella, mas ele se recusa totalmente a revel\u00e1-lo. Karen lembra o que fez para Daniela perder o filho ao ingerir os comprimidos que colocou na bebida. Memo e C\u00e9sar se encontram, causando desconforto em \u00darsula. Fausto descobre que Karen apareceu mesmo em seu encontro, por isso prefere passar o dia com ela a cumprir a palavra com Isabella. Memo vai \u00e0 reuni\u00e3o da escola de Isabella e cativa as crian\u00e7as ao conversar com elas sobre seu trabalho como caminhoneiro, sendo Isabella a mais feliz.<\/p>\n<p>Memo encontra Fausto e Karen se beijando do lado de fora do restaurante de Amparo. Apesar da insist\u00eancia de Fausto em vender o terreno do restaurante, Memo se recusa a acabar com as mem\u00f3rias de sua fam\u00edlia. Daniela conhece Memo em meio a um passeio pela casa da fam\u00edlia Santos e a qu\u00edmica entre eles supera o ci\u00fame de \u00darsula. Ap\u00f3s correr para os bra\u00e7os de C\u00e9sar, \u00darsula chega \u00e0 casa de Daniela para pedir desculpas pelo desabafo.<\/p>\n<p>(*) edi\u00e7\u00e3o das novelas do SBT, \u201cMeu Caminho \u00e9 Te Amar\u201d, sujeito a altera\u00e7\u00e3o de data e conte\u00fado.<\/p>\n<p>Sinopse: \u201cMeu Caminho \u00e9 Te Amar\u201d conta a hist\u00f3ria de Guillermo, que decide trabalhar com Daniela para ficar pr\u00f3ximo de Isabella, ao mesmo tempo em que confirma com um teste de DNA que \u00e9 pai dela. Gra\u00e7as \u00e0 conviv\u00eancia di\u00e1ria, Guillermo se torna confidente de Daniela e \u00e9 assim que descobre a solid\u00e3o que ela vivencia no casamento e que sua \u00fanica raz\u00e3o de estar na vida \u00e9 Isabella. <\/p>\n<p>Com o passar do tempo, Daniela e Guillermo come\u00e7am a se apaixonar, mas decidem guardar seus sentimentos para si para respeitar os compromissos com os parceiros. Ambos enfrentar\u00e3o uma jornada cheia de obst\u00e1culos, com a promessa de que um dia percorrer\u00e3o os caminhos do amor com Isabella.<\/p>\n","protected":false},"excerpt":{"rendered":"<p>Resumo da novela \u201cMeu Caminho \u00e9 Te Amar\u201d em 13\/11: no cap\u00edtulo 013(*) da novela, Daniela pede a Fausto que descubra o nome da m\u00e3e biol\u00f3gica de Isabella, mas ele se recusa totalmente a revel\u00e1-lo. Karen lembra o que fez para Daniela perder o filho ao ingerir os comprimidos que colocou na bebida. Memo e [&hellip;]<\/p>\n","protected":false},"author":3,"featured_media":248881,"comment_status":"closed","ping_status":"closed","sticky":false,"template":"","format":"standard","meta":{"tdm_status":"","tdm_grid_status":"","footnotes":""},"categories":[2335,379,2025,372,343],"tags":[441],"class_list":{"0":"post-249338","1":"post","2":"type-post","3":"status-publish","4":"format-standard","5":"has-post-thumbnail","7":"category-meu-caminho-e-te-amar","8":"category-novelas","9":"category-resumo","10":"category-sbt","11":"category-televisao","12":"tag-resumo-do-dia"},"_links":{"self":[{"href":"https:\/\/migracao.redenoticia.com.br\/noticia\/wp-json\/wp\/v2\/posts\/249338","targetHints":{"allow":["GET"]}}],"collection":[{"href":"https:\/\/migracao.redenoticia.com.br\/noticia\/wp-json\/wp\/v2\/posts"}],"about":[{"href":"https:\/\/migracao.redenoticia.com.br\/noticia\/wp-json\/wp\/v2\/types\/post"}],"author":[{"embeddable":true,"href":"https:\/\/migracao.redenoticia.com.br\/noticia\/wp-json\/wp\/v2\/users\/3"}],"replies":[{"embeddable":true,"href":"https:\/\/migracao.redenoticia.com.br\/noticia\/wp-json\/wp\/v2\/comments?post=249338"}],"version-history":[{"count":0,"href":"https:\/\/migracao.redenoticia.com.br\/noticia\/wp-json\/wp\/v2\/posts\/249338\/revisions"}],"wp:featuredmedia":[{"embeddable":true,"href":"https:\/\/migracao.redenoticia.com.br\/noticia\/wp-json\/wp\/v2\/media\/248881"}],"wp:attachment":[{"href":"https:\/\/migracao.redenoticia.com.br\/noticia\/wp-json\/wp\/v2\/media?parent=249338"}],"wp:term":[{"taxonomy":"category","embeddable":true,"href":"https:\/\/migracao.redenoticia.com.br\/noticia\/wp-json\/wp\/v2\/categories?post=249338"},{"taxonomy":"post_tag","embeddable":true,"href":"https:\/\/migracao.redenoticia.com.br\/noticia\/wp-json\/wp\/v2\/tags?post=249338"}],"curies":[{"name":"wp","href":"https:\/\/api.w.org\/{rel}","templated":true}]}}