{"id":249344,"date":"2024-11-12T13:18:40","date_gmt":"2024-11-12T16:18:40","guid":{"rendered":"https:\/\/www.redenoticia.com.br\/noticia\/?p=249344"},"modified":"2024-11-12T13:18:40","modified_gmt":"2024-11-12T16:18:40","slug":"resumo-alma-gemea-13-11-ivan-sugere-que-cristina-esqueca-sua-vinganca","status":"publish","type":"post","link":"https:\/\/migracao.redenoticia.com.br\/noticia\/2024\/resumo-alma-gemea-13-11-ivan-sugere-que-cristina-esqueca-sua-vinganca\/249344","title":{"rendered":"Resumo &#8220;Alma G\u00eamea&#8221; 13\/11: Ivan sugere que Cristina esque\u00e7a sua vingan\u00e7a"},"content":{"rendered":"<p> <img loading=\"lazy\" decoding=\"async\" src=\"https:\/\/migracao.redenoticia.com.br\/noticia\/imagens\/resumo-alma-gemea-logo-novela.jpg\" alt=\"\" width=\"1280\" height=\"720\" class=\"aligncenter size-full wp-image-244166\" srcset=\"https:\/\/migracao.redenoticia.com.br\/noticia\/imagens\/resumo-alma-gemea-logo-novela.jpg 1280w, https:\/\/migracao.redenoticia.com.br\/noticia\/imagens\/resumo-alma-gemea-logo-novela-250x140.jpg 250w, https:\/\/migracao.redenoticia.com.br\/noticia\/imagens\/resumo-alma-gemea-logo-novela-400x225.jpg 400w, https:\/\/migracao.redenoticia.com.br\/noticia\/imagens\/resumo-alma-gemea-logo-novela-768x432.jpg 768w, https:\/\/migracao.redenoticia.com.br\/noticia\/imagens\/resumo-alma-gemea-logo-novela-150x85.jpg 150w\" sizes=\"auto, (max-width: 1280px) 100vw, 1280px\" \/><\/p>\n<p><em><strong>Resumo da novela &#8220;Alma G\u00eamea&#8221;<\/strong><\/em> em 13\/11: no cap\u00edtulo 142(*) da novela, Cristina expulsa todos do vel\u00f3rio de D\u00e9bora, dizendo que sabe que n\u00e3o gostavam dela. Serena pede que Rafael fa\u00e7a um acordo com Cristina custe o que custar. H\u00e9lio comenta com Serena que h\u00e1 algo de errado nas contas da empresa de Rafael. Terezinha gasta dinheiro do pr\u00f3prio bolso para comprar mantimentos para a casa de Raul. Crispim n\u00e3o deixa que K\u00e1tia trabalhe, afirmando que todo o servi\u00e7o de casa pode ficar a cargo de Mirna. Ivan sugere que Cristina esque\u00e7a sua vingan\u00e7a, mas ela afirma que ainda quer recuperar as j\u00f3ias. <\/p>\n<p>Chega o dia da audi\u00eancia. H\u00e9lio pede que Roberval venha com ele pois tem uma surpresa boa. A ajudante de Madalena diz ao juiz que Ol\u00edvia n\u00e3o faz roupas h\u00e1 muito tempo. Gumercindo conta para o juiz que Raul era um p\u00e9ssimo administrador do restaurante. Ermelino argumenta que a ajudante e Gumercindo est\u00e3o querendo ajudar Ol\u00edvia, e convence o juiz a desconsiderar os depoimentos. Ab\u00edlio mostra que ainda tem uma testemunha: Dalila. Dalila conta ao juiz tudo que Raul fez com ela. Of\u00e9lia exige que Ter\u00ea lhe devolva Joli. Rafael diz a Cristina que tem uma proposta a lhe fazer. Cristina d\u00e1 uma gargalhada.  <\/p>\n<p>(*) edi\u00e7\u00e3o das novelas da Globo, &#8220;Alma G\u00eamea&#8221;, sujeito a altera\u00e7\u00e3o de data e conte\u00fado.<\/p>\n<p>Sinopse &#8220;Alma G\u00eamea&#8221;: Rafael e Luna casam-se e t\u00eam um filho, mas a felicidade \u00e9 invejada por Cristina. Em um passeio, Rafael reage a um assalto e um dos ladr\u00f5es, que \u00e9 conhecido de Cristina, atira. Luna morre. Enquanto Rafael se desespera com a perda de Luna, em um lugar bem distante dali, nasce a menina Serena, filha de uma \u00edndia com um garimpeiro. Ela cresce em uma aldeia ind\u00edgena e tem vis\u00f5es. <\/p>\n<p>Vinte anos se passam da morte de Luna. Serena consegue trabalho como empregada na mans\u00e3o de Rafael. Serena tem em seu corpo uma marca de nascen\u00e7a, no mesmo lugar em que Luna levou o tiro. A trama segue envolta em mist\u00e9rios e marcada por fatos inexplic\u00e1veis. Rafael passa a acreditar que Serena \u00e9 de fato a reencarna\u00e7\u00e3o de Luna, se apaixona por ela e a pede em casamento. Cristina e sua m\u00e3e D\u00e9bora percebem que Serena representa uma amea\u00e7a, e a novela segue com as duas tramando de tudo para separar os dois.<\/p>\n","protected":false},"excerpt":{"rendered":"<p>Resumo da novela &#8220;Alma G\u00eamea&#8221; em 13\/11: no cap\u00edtulo 142(*) da novela, Cristina expulsa todos do vel\u00f3rio de D\u00e9bora, dizendo que sabe que n\u00e3o gostavam dela. Serena pede que Rafael fa\u00e7a um acordo com Cristina custe o que custar. H\u00e9lio comenta com Serena que h\u00e1 algo de errado nas contas da empresa de Rafael. Terezinha [&hellip;]<\/p>\n","protected":false},"author":5,"featured_media":244165,"comment_status":"closed","ping_status":"closed","sticky":false,"template":"","format":"standard","meta":{"tdm_status":"","tdm_grid_status":"","footnotes":""},"categories":[2328,379,375,2025,343],"tags":[441],"class_list":{"0":"post-249344","1":"post","2":"type-post","3":"status-publish","4":"format-standard","5":"has-post-thumbnail","7":"category-alma-gemea","8":"category-novelas","9":"category-rede-globo","10":"category-resumo","11":"category-televisao","12":"tag-resumo-do-dia"},"_links":{"self":[{"href":"https:\/\/migracao.redenoticia.com.br\/noticia\/wp-json\/wp\/v2\/posts\/249344","targetHints":{"allow":["GET"]}}],"collection":[{"href":"https:\/\/migracao.redenoticia.com.br\/noticia\/wp-json\/wp\/v2\/posts"}],"about":[{"href":"https:\/\/migracao.redenoticia.com.br\/noticia\/wp-json\/wp\/v2\/types\/post"}],"author":[{"embeddable":true,"href":"https:\/\/migracao.redenoticia.com.br\/noticia\/wp-json\/wp\/v2\/users\/5"}],"replies":[{"embeddable":true,"href":"https:\/\/migracao.redenoticia.com.br\/noticia\/wp-json\/wp\/v2\/comments?post=249344"}],"version-history":[{"count":0,"href":"https:\/\/migracao.redenoticia.com.br\/noticia\/wp-json\/wp\/v2\/posts\/249344\/revisions"}],"wp:featuredmedia":[{"embeddable":true,"href":"https:\/\/migracao.redenoticia.com.br\/noticia\/wp-json\/wp\/v2\/media\/244165"}],"wp:attachment":[{"href":"https:\/\/migracao.redenoticia.com.br\/noticia\/wp-json\/wp\/v2\/media?parent=249344"}],"wp:term":[{"taxonomy":"category","embeddable":true,"href":"https:\/\/migracao.redenoticia.com.br\/noticia\/wp-json\/wp\/v2\/categories?post=249344"},{"taxonomy":"post_tag","embeddable":true,"href":"https:\/\/migracao.redenoticia.com.br\/noticia\/wp-json\/wp\/v2\/tags?post=249344"}],"curies":[{"name":"wp","href":"https:\/\/api.w.org\/{rel}","templated":true}]}}