{"id":249379,"date":"2024-11-13T11:15:41","date_gmt":"2024-11-13T14:15:41","guid":{"rendered":"https:\/\/www.redenoticia.com.br\/noticia\/?p=249379"},"modified":"2024-11-14T13:59:08","modified_gmt":"2024-11-14T16:59:08","slug":"resumo-mania-de-voce-15-11-viola-acorda-no-abrigo","status":"publish","type":"post","link":"https:\/\/migracao.redenoticia.com.br\/noticia\/2024\/resumo-mania-de-voce-15-11-viola-acorda-no-abrigo\/249379","title":{"rendered":"Resumo &#8220;Mania de Voc\u00ea&#8221; 15\/11: Viola acorda no abrigo"},"content":{"rendered":"<p> <img loading=\"lazy\" decoding=\"async\" src=\"https:\/\/migracao.redenoticia.com.br\/noticia\/imagens\/resumo-mania-de-voce-novela-globo.jpg\" alt=\"\" width=\"1280\" height=\"720\" class=\"aligncenter size-full wp-image-247027\" srcset=\"https:\/\/migracao.redenoticia.com.br\/noticia\/imagens\/resumo-mania-de-voce-novela-globo.jpg 1280w, https:\/\/migracao.redenoticia.com.br\/noticia\/imagens\/resumo-mania-de-voce-novela-globo-250x140.jpg 250w, https:\/\/migracao.redenoticia.com.br\/noticia\/imagens\/resumo-mania-de-voce-novela-globo-400x225.jpg 400w, https:\/\/migracao.redenoticia.com.br\/noticia\/imagens\/resumo-mania-de-voce-novela-globo-768x432.jpg 768w, https:\/\/migracao.redenoticia.com.br\/noticia\/imagens\/resumo-mania-de-voce-novela-globo-150x85.jpg 150w\" sizes=\"auto, (max-width: 1280px) 100vw, 1280px\" \/> <\/p>\n<p><strong><em>Resumo da novela &#8220;Mania de Voc\u00ea&#8221;<\/em><\/strong> em 15\/11: no cap\u00edtulo 059(*) da novela, Rud\u00e1 fica encurralado. Marcel se assusta quando Viola lhe conta sobre as maldades que Mavi e Luma s\u00e3o capazes de fazer.  Michele aceita trabalhar na casa de Daniel. Tom\u00e1s flagra Sirlei e Leidi no quarto de Berta. Evelyn repreende os pais. Viola \u00e9 assaltada, e, ao reagir, se machuca e desmaia. <\/p>\n<p>Viola \u00e9 levada para um abrigo comunit\u00e1rio. Mavi e Iber\u00ea tentam encontrar Viola, mas o sistema de c\u00e2meras est\u00e1 falhando. Luma assume o comando do restaurante. Marcel sofre um acidente. Leidi tranca \u00cdsis no closet. Luma tenta impressionar um cr\u00edtico gastron\u00f4mico, mas depende da ajuda de Dhu. Viola acorda no abrigo. <\/p>\n<p>(*) edi\u00e7\u00e3o das novelas da Globo, &#8220;Mania de Voc\u00ea&#8221;, sujeito a altera\u00e7\u00e3o de data e conte\u00fado.<\/p>\n<p>Sinopse &#8220;Mania de Voc\u00ea&#8221;: Viola (Gabz) e Luma (Agatha Moreira), duas mulheres que nasceram no mesmo dia e se conhecem anos mais tarde, unidas por coincid\u00eancias que v\u00e3o al\u00e9m da data de anivers\u00e1rio. Uma jornada que as inclui num quarteto amoroso com Mavi (Chay Suede) e Rud\u00e1 (Nicolas Prattes) e que ser\u00e1 dividida entre a cumplicidade e a rivalidade, impactada por uma s\u00e9rie de circunst\u00e2ncias, como o segredo em torno de um assassinato. Como pano de fundo, o universo da gastronomia e o cen\u00e1rio da natureza paradis\u00edaca de Angra dos Reis.<\/p>\n<p>Na segunda fase de &#8220;Mania de Voc\u00ea&#8221;, que se passa 10 anos ap\u00f3s o assassinato de Molina (Rodrigo Lombardi), novos personagens aparecem na trama criada e escrita por Jo\u00e3o Emanuel Carneiro, com dire\u00e7\u00e3o art\u00edstica de Carlos Araujo. \u00c9 o caso da fam\u00edlia de Leidi (Thalita Carauta), que surge nos primeiros cap\u00edtulos da novela, mas retorna ao lado da fam\u00edlia na segunda fase, transformando a luxuosa rotina de \u00cdsis (Mariana Ximenes) em um pesadelo c\u00f4mico. <\/p>\n","protected":false},"excerpt":{"rendered":"<p>Resumo da novela &#8220;Mania de Voc\u00ea&#8221; em 15\/11: no cap\u00edtulo 059(*) da novela, Rud\u00e1 fica encurralado. Marcel se assusta quando Viola lhe conta sobre as maldades que Mavi e Luma s\u00e3o capazes de fazer. Michele aceita trabalhar na casa de Daniel. Tom\u00e1s flagra Sirlei e Leidi no quarto de Berta. Evelyn repreende os pais. Viola [&hellip;]<\/p>\n","protected":false},"author":2,"featured_media":247026,"comment_status":"closed","ping_status":"closed","sticky":false,"template":"","format":"standard","meta":{"tdm_status":"","tdm_grid_status":"","footnotes":""},"categories":[2333,379,375,2025,343],"tags":[441],"class_list":{"0":"post-249379","1":"post","2":"type-post","3":"status-publish","4":"format-standard","5":"has-post-thumbnail","7":"category-mania-de-voce","8":"category-novelas","9":"category-rede-globo","10":"category-resumo","11":"category-televisao","12":"tag-resumo-do-dia"},"_links":{"self":[{"href":"https:\/\/migracao.redenoticia.com.br\/noticia\/wp-json\/wp\/v2\/posts\/249379","targetHints":{"allow":["GET"]}}],"collection":[{"href":"https:\/\/migracao.redenoticia.com.br\/noticia\/wp-json\/wp\/v2\/posts"}],"about":[{"href":"https:\/\/migracao.redenoticia.com.br\/noticia\/wp-json\/wp\/v2\/types\/post"}],"author":[{"embeddable":true,"href":"https:\/\/migracao.redenoticia.com.br\/noticia\/wp-json\/wp\/v2\/users\/2"}],"replies":[{"embeddable":true,"href":"https:\/\/migracao.redenoticia.com.br\/noticia\/wp-json\/wp\/v2\/comments?post=249379"}],"version-history":[{"count":0,"href":"https:\/\/migracao.redenoticia.com.br\/noticia\/wp-json\/wp\/v2\/posts\/249379\/revisions"}],"wp:featuredmedia":[{"embeddable":true,"href":"https:\/\/migracao.redenoticia.com.br\/noticia\/wp-json\/wp\/v2\/media\/247026"}],"wp:attachment":[{"href":"https:\/\/migracao.redenoticia.com.br\/noticia\/wp-json\/wp\/v2\/media?parent=249379"}],"wp:term":[{"taxonomy":"category","embeddable":true,"href":"https:\/\/migracao.redenoticia.com.br\/noticia\/wp-json\/wp\/v2\/categories?post=249379"},{"taxonomy":"post_tag","embeddable":true,"href":"https:\/\/migracao.redenoticia.com.br\/noticia\/wp-json\/wp\/v2\/tags?post=249379"}],"curies":[{"name":"wp","href":"https:\/\/api.w.org\/{rel}","templated":true}]}}