{"id":249426,"date":"2024-11-14T13:52:50","date_gmt":"2024-11-14T16:52:50","guid":{"rendered":"https:\/\/www.redenoticia.com.br\/noticia\/?p=249426"},"modified":"2024-11-14T13:52:50","modified_gmt":"2024-11-14T16:52:50","slug":"resumo-cabocla-15-11-luis-pede-para-conversar-com-tobias","status":"publish","type":"post","link":"https:\/\/migracao.redenoticia.com.br\/noticia\/2024\/resumo-cabocla-15-11-luis-pede-para-conversar-com-tobias\/249426","title":{"rendered":"Resumo &#8220;Cabocla&#8221; 15\/11: Lu\u00eds pede para conversar com Tobias"},"content":{"rendered":"<p> <img loading=\"lazy\" decoding=\"async\" src=\"https:\/\/migracao.redenoticia.com.br\/noticia\/imagens\/cabocla-resumo-novela.jpg\" alt=\"\" width=\"1280\" height=\"720\" class=\"aligncenter size-full wp-image-246754\" srcset=\"https:\/\/migracao.redenoticia.com.br\/noticia\/imagens\/cabocla-resumo-novela.jpg 1280w, https:\/\/migracao.redenoticia.com.br\/noticia\/imagens\/cabocla-resumo-novela-250x140.jpg 250w, https:\/\/migracao.redenoticia.com.br\/noticia\/imagens\/cabocla-resumo-novela-400x225.jpg 400w, https:\/\/migracao.redenoticia.com.br\/noticia\/imagens\/cabocla-resumo-novela-768x432.jpg 768w, https:\/\/migracao.redenoticia.com.br\/noticia\/imagens\/cabocla-resumo-novela-150x85.jpg 150w\" sizes=\"auto, (max-width: 1280px) 100vw, 1280px\" \/>  <\/p>\n<p><em><strong>Resumo da novela &#8220;Cabocla&#8221;<\/strong><\/em> em 15\/11: no cap\u00edtulo 071(*) da novela, Neco e Mariquinha desconfiam de Justino. Lu\u00eds diz a Boanerges que vai embora porque n\u00e3o quer v\u00ea-lo brigar com Justino. Belinha garante a Emerenciana que est\u00e1 tudo terminado entre ela e Neco. Boanerges tenta dissuadir Lu\u00eds, em v\u00e3o. Tom\u00e9 pede que Tobias tenha calma e garante que o culpado pelo estado de seu pai n\u00e3o vai ficar sem castigo. Lu\u00eds se despede de todos. Belinha se apavora ao pensar que seu pai pode ajudar a matar Justino. Lu\u00eds vai at\u00e9 o hotel de Z\u00e9 e cruza com Zuca, que sai correndo. Lu\u00eds fica muito perturbado. Bina diz a Zuca que Lu\u00eds est\u00e1 indo embora. Zuca pede a Bina para se despedir de Lu\u00eds. Ela concorda, desde que seja na frente de todos. Emerenciana se preocupa com Boanerges. Justino fala para Neco que talvez Boanerges tenha batido em Fel\u00edcio, para incrimin\u00e1-lo. Zuca e Lu\u00eds se beijam. Tobias avisa a Zuca que vai se vingar de quem bateu em seu pai. Lu\u00eds pede para conversar com Tobias.  <\/p>\n<p>Lu\u00eds pede que Tobias n\u00e3o estrague sua vida se vingando de Justino. Tobias fica perturbado. Zuca agradece a Lu\u00eds por sua preocupa\u00e7\u00e3o. Neco pede a Justino que o deixe tomar conta da venda de Zaqueu. Tobias diz a Zuca que vai seguir o conselho de Lu\u00eds. Neco anuncia para os caboclos que a venda agora lhe pertence. Zuca sugere que Tobias convide Lu\u00eds para ser seu padrinho de casamento. Neco decide vender os produtos da venda a pre\u00e7o de custo. Lu\u00eds aceita o convite. Boanerges pro\u00edbe seus empregados de comprar na venda de Justino. Emerenciana se espanta ao saber que Lu\u00eds vai ser padrinho de casamento de Zuca. Lu\u00eds fica muito feliz ao saber que Joaquim pediu Pequetita em casamento. Emerenciana percebe que Lu\u00eds n\u00e3o est\u00e1 mais cuidando de sua sa\u00fade. Boanerges tenta fazer com que Fel\u00edcio lhe diga quem o atacou, mas descobre que ele n\u00e3o quer ser vingado. Mac\u00e1rio diz a Boanerges que n\u00e3o vai impedir seus empregados de comprar na venda de Neco. <\/p>\n<p>(*) edi\u00e7\u00e3o das novelas da Globo, &#8220;Cabocla&#8221;, sujeito a altera\u00e7\u00e3o de data e conte\u00fado.<\/p>\n<p>Sinopse \u201cCabocla\u201d: Lu\u00eds Jer\u00f4nimo \u00e9 um jovem mulherengo, descobre que est\u00e1 com uma les\u00e3o no pulm\u00e3o e decide passar uma temporada na fazenda de um primo em Vila da Mata, o coronel Boanerges. Ele logo se encanta por Zuca. Eles enfrentar\u00e3o muita resist\u00eancia por conta de Zuca ser noiva do teimoso e encrenqueiro pe\u00e3o Tobias. Pepa, apaixonada por Lu\u00eds, se estabelece na fazenda vizinha, de propriedade do coronel vi\u00favo Justino, inimigo pol\u00edtico do coronel Boanerges.<\/p>\n<p>Paralelamente a esse embate, acontece o amor entre Belinha e Neco. Ela \u00e9 filha de Boanerges e Emerenciana; ele, de Justino. Em meio a tudo isso, eis que os sentimentos de Mariquinha, filha do coronel Justino e irm\u00e3 de Neco, por Tobias afloraram, fazendo-os viverem um quarteto amoroso ao lado de Zuca e Lu\u00eds Jer\u00f4nimo. No decorrer da trama, Tom\u00e9 desiste de esperar Rosa e se apaixona por Tina, por\u00e9m acaba morrendo, v\u00edtima de um assassinato, e deixa Tina vi\u00fava e gr\u00e1vida dele.<\/p>\n","protected":false},"excerpt":{"rendered":"<p>Resumo da novela &#8220;Cabocla&#8221; em 15\/11: no cap\u00edtulo 071(*) da novela, Neco e Mariquinha desconfiam de Justino. Lu\u00eds diz a Boanerges que vai embora porque n\u00e3o quer v\u00ea-lo brigar com Justino. Belinha garante a Emerenciana que est\u00e1 tudo terminado entre ela e Neco. Boanerges tenta dissuadir Lu\u00eds, em v\u00e3o. Tom\u00e9 pede que Tobias tenha calma [&hellip;]<\/p>\n","protected":false},"author":2,"featured_media":246755,"comment_status":"closed","ping_status":"closed","sticky":false,"template":"","format":"standard","meta":{"tdm_status":"","tdm_grid_status":"","footnotes":""},"categories":[2332,379,375,2025,343],"tags":[441],"class_list":{"0":"post-249426","1":"post","2":"type-post","3":"status-publish","4":"format-standard","5":"has-post-thumbnail","7":"category-cabocla","8":"category-novelas","9":"category-rede-globo","10":"category-resumo","11":"category-televisao","12":"tag-resumo-do-dia"},"_links":{"self":[{"href":"https:\/\/migracao.redenoticia.com.br\/noticia\/wp-json\/wp\/v2\/posts\/249426","targetHints":{"allow":["GET"]}}],"collection":[{"href":"https:\/\/migracao.redenoticia.com.br\/noticia\/wp-json\/wp\/v2\/posts"}],"about":[{"href":"https:\/\/migracao.redenoticia.com.br\/noticia\/wp-json\/wp\/v2\/types\/post"}],"author":[{"embeddable":true,"href":"https:\/\/migracao.redenoticia.com.br\/noticia\/wp-json\/wp\/v2\/users\/2"}],"replies":[{"embeddable":true,"href":"https:\/\/migracao.redenoticia.com.br\/noticia\/wp-json\/wp\/v2\/comments?post=249426"}],"version-history":[{"count":0,"href":"https:\/\/migracao.redenoticia.com.br\/noticia\/wp-json\/wp\/v2\/posts\/249426\/revisions"}],"wp:featuredmedia":[{"embeddable":true,"href":"https:\/\/migracao.redenoticia.com.br\/noticia\/wp-json\/wp\/v2\/media\/246755"}],"wp:attachment":[{"href":"https:\/\/migracao.redenoticia.com.br\/noticia\/wp-json\/wp\/v2\/media?parent=249426"}],"wp:term":[{"taxonomy":"category","embeddable":true,"href":"https:\/\/migracao.redenoticia.com.br\/noticia\/wp-json\/wp\/v2\/categories?post=249426"},{"taxonomy":"post_tag","embeddable":true,"href":"https:\/\/migracao.redenoticia.com.br\/noticia\/wp-json\/wp\/v2\/tags?post=249426"}],"curies":[{"name":"wp","href":"https:\/\/api.w.org\/{rel}","templated":true}]}}