{"id":249428,"date":"2024-11-14T13:54:30","date_gmt":"2024-11-14T16:54:30","guid":{"rendered":"https:\/\/www.redenoticia.com.br\/noticia\/?p=249428"},"modified":"2024-11-14T13:54:30","modified_gmt":"2024-11-14T16:54:30","slug":"resumo-alma-gemea-15-11-o-delegado-avisa-rafael-da-acusacao-de-cristina","status":"publish","type":"post","link":"https:\/\/migracao.redenoticia.com.br\/noticia\/2024\/resumo-alma-gemea-15-11-o-delegado-avisa-rafael-da-acusacao-de-cristina\/249428","title":{"rendered":"Resumo &#8220;Alma G\u00eamea&#8221; 15\/11: O delegado avisa Rafael da acusa\u00e7\u00e3o de Cristina"},"content":{"rendered":"<p> <img loading=\"lazy\" decoding=\"async\" src=\"https:\/\/migracao.redenoticia.com.br\/noticia\/imagens\/resumo-alma-gemea-logo-novela.jpg\" alt=\"\" width=\"1280\" height=\"720\" class=\"aligncenter size-full wp-image-244166\" srcset=\"https:\/\/migracao.redenoticia.com.br\/noticia\/imagens\/resumo-alma-gemea-logo-novela.jpg 1280w, https:\/\/migracao.redenoticia.com.br\/noticia\/imagens\/resumo-alma-gemea-logo-novela-250x140.jpg 250w, https:\/\/migracao.redenoticia.com.br\/noticia\/imagens\/resumo-alma-gemea-logo-novela-400x225.jpg 400w, https:\/\/migracao.redenoticia.com.br\/noticia\/imagens\/resumo-alma-gemea-logo-novela-768x432.jpg 768w, https:\/\/migracao.redenoticia.com.br\/noticia\/imagens\/resumo-alma-gemea-logo-novela-150x85.jpg 150w\" sizes=\"auto, (max-width: 1280px) 100vw, 1280px\" \/><\/p>\n<p><em><strong>Resumo da novela &#8220;Alma G\u00eamea&#8221;<\/strong><\/em> em 15\/11: no cap\u00edtulo 144(*) da novela, o delegado garante a Cristina que vai investigar o caso. Judith concorda em testemunhar a favor de Rafael. Agnes fala para Ciro que n\u00e3o o ama e recusa seu pedido, deixando-o arrasado. Carlito conta para o juiz que Raul \u00e9 um p\u00e9ssimo pai, e afirma que sente saudades de Ol\u00edvia. O juiz decide devolver o restaurante a Ol\u00edvia e exige que Raul pague a ela uma pens\u00e3o. O esp\u00edrito de Guto aparece para Cristina e pede que ela desista de suas maldades. <\/p>\n<p>Ciro explica a Rafael que, mesmo com o depoimento de Judith, ele n\u00e3o pode provar que Cristina o maltratou. O delegado avisa Rafael da acusa\u00e7\u00e3o de Cristina. Serena desmaia ao ouvir. Ol\u00edvia convida Vit\u00f3rio a voltar a trabalhar no restaurante. Vit\u00f3rio acha melhor se manter longe de Ol\u00edvia e recusa. Eduardo diz a Rafael que Serena precisa fazer exames para saber por que tem tantos desmaios. H\u00e9lio afirma para Ol\u00edvia que Vit\u00f3rio ainda a ama. Alexandra diz a Serena que ela vai ter que fazer uma escolha. Cristina promete se vingar de Serena.  <\/p>\n<p>(*) edi\u00e7\u00e3o das novelas da Globo, &#8220;Alma G\u00eamea&#8221;, sujeito a altera\u00e7\u00e3o de data e conte\u00fado.<\/p>\n<p>Sinopse &#8220;Alma G\u00eamea&#8221;: Rafael e Luna casam-se e t\u00eam um filho, mas a felicidade \u00e9 invejada por Cristina. Em um passeio, Rafael reage a um assalto e um dos ladr\u00f5es, que \u00e9 conhecido de Cristina, atira. Luna morre. Enquanto Rafael se desespera com a perda de Luna, em um lugar bem distante dali, nasce a menina Serena, filha de uma \u00edndia com um garimpeiro. Ela cresce em uma aldeia ind\u00edgena e tem vis\u00f5es. <\/p>\n<p>Vinte anos se passam da morte de Luna. Serena consegue trabalho como empregada na mans\u00e3o de Rafael. Serena tem em seu corpo uma marca de nascen\u00e7a, no mesmo lugar em que Luna levou o tiro. A trama segue envolta em mist\u00e9rios e marcada por fatos inexplic\u00e1veis. Rafael passa a acreditar que Serena \u00e9 de fato a reencarna\u00e7\u00e3o de Luna, se apaixona por ela e a pede em casamento. Cristina e sua m\u00e3e D\u00e9bora percebem que Serena representa uma amea\u00e7a, e a novela segue com as duas tramando de tudo para separar os dois.<\/p>\n","protected":false},"excerpt":{"rendered":"<p>Resumo da novela &#8220;Alma G\u00eamea&#8221; em 15\/11: no cap\u00edtulo 144(*) da novela, o delegado garante a Cristina que vai investigar o caso. Judith concorda em testemunhar a favor de Rafael. Agnes fala para Ciro que n\u00e3o o ama e recusa seu pedido, deixando-o arrasado. Carlito conta para o juiz que Raul \u00e9 um p\u00e9ssimo pai, [&hellip;]<\/p>\n","protected":false},"author":5,"featured_media":244165,"comment_status":"closed","ping_status":"closed","sticky":false,"template":"","format":"standard","meta":{"tdm_status":"","tdm_grid_status":"","footnotes":""},"categories":[2328,379,375,2025,343],"tags":[441],"class_list":{"0":"post-249428","1":"post","2":"type-post","3":"status-publish","4":"format-standard","5":"has-post-thumbnail","7":"category-alma-gemea","8":"category-novelas","9":"category-rede-globo","10":"category-resumo","11":"category-televisao","12":"tag-resumo-do-dia"},"_links":{"self":[{"href":"https:\/\/migracao.redenoticia.com.br\/noticia\/wp-json\/wp\/v2\/posts\/249428","targetHints":{"allow":["GET"]}}],"collection":[{"href":"https:\/\/migracao.redenoticia.com.br\/noticia\/wp-json\/wp\/v2\/posts"}],"about":[{"href":"https:\/\/migracao.redenoticia.com.br\/noticia\/wp-json\/wp\/v2\/types\/post"}],"author":[{"embeddable":true,"href":"https:\/\/migracao.redenoticia.com.br\/noticia\/wp-json\/wp\/v2\/users\/5"}],"replies":[{"embeddable":true,"href":"https:\/\/migracao.redenoticia.com.br\/noticia\/wp-json\/wp\/v2\/comments?post=249428"}],"version-history":[{"count":0,"href":"https:\/\/migracao.redenoticia.com.br\/noticia\/wp-json\/wp\/v2\/posts\/249428\/revisions"}],"wp:featuredmedia":[{"embeddable":true,"href":"https:\/\/migracao.redenoticia.com.br\/noticia\/wp-json\/wp\/v2\/media\/244165"}],"wp:attachment":[{"href":"https:\/\/migracao.redenoticia.com.br\/noticia\/wp-json\/wp\/v2\/media?parent=249428"}],"wp:term":[{"taxonomy":"category","embeddable":true,"href":"https:\/\/migracao.redenoticia.com.br\/noticia\/wp-json\/wp\/v2\/categories?post=249428"},{"taxonomy":"post_tag","embeddable":true,"href":"https:\/\/migracao.redenoticia.com.br\/noticia\/wp-json\/wp\/v2\/tags?post=249428"}],"curies":[{"name":"wp","href":"https:\/\/api.w.org\/{rel}","templated":true}]}}