{"id":249451,"date":"2024-11-15T14:10:13","date_gmt":"2024-11-15T17:10:13","guid":{"rendered":"https:\/\/www.redenoticia.com.br\/noticia\/?p=249451"},"modified":"2024-11-15T16:01:27","modified_gmt":"2024-11-15T19:01:27","slug":"resumo-cabocla-16-11-luis-vai-ser-padrinho-de-casamento-de-zuca","status":"publish","type":"post","link":"https:\/\/migracao.redenoticia.com.br\/noticia\/2024\/resumo-cabocla-16-11-luis-vai-ser-padrinho-de-casamento-de-zuca\/249451","title":{"rendered":"Resumo &#8220;Cabocla&#8221; 16\/11: Lu\u00eds convence Boanerges a n\u00e3o bater em Belinha"},"content":{"rendered":"<p> <img loading=\"lazy\" decoding=\"async\" src=\"https:\/\/migracao.redenoticia.com.br\/noticia\/imagens\/cabocla-resumo-novela.jpg\" alt=\"\" width=\"1280\" height=\"720\" class=\"aligncenter size-full wp-image-246754\" srcset=\"https:\/\/migracao.redenoticia.com.br\/noticia\/imagens\/cabocla-resumo-novela.jpg 1280w, https:\/\/migracao.redenoticia.com.br\/noticia\/imagens\/cabocla-resumo-novela-250x140.jpg 250w, https:\/\/migracao.redenoticia.com.br\/noticia\/imagens\/cabocla-resumo-novela-400x225.jpg 400w, https:\/\/migracao.redenoticia.com.br\/noticia\/imagens\/cabocla-resumo-novela-768x432.jpg 768w, https:\/\/migracao.redenoticia.com.br\/noticia\/imagens\/cabocla-resumo-novela-150x85.jpg 150w\" sizes=\"auto, (max-width: 1280px) 100vw, 1280px\" \/>  <\/p>\n<p><em><strong>Resumo da novela &#8220;Cabocla&#8221;<\/strong><\/em> em 16\/11: no cap\u00edtulo 072(*) da novela, Tobias amea\u00e7a contar para Boanerges que viu Belinha e Neco juntos. Tobias decide n\u00e3o falar nada para Boanerges. Mariquinha diz a Neco que vai tentar conversar com Tobias e controlar a raiva dele. Dr. Teles fala para Tina e Generosa que \u00e9 imposs\u00edvel saber se Fel\u00edcio vai melhorar. Pepa pede que Pequetita lhe diga onde est\u00e1 Lu\u00eds. <\/p>\n<p>Dr. Teles recomenda a Emerenciana que ela mantenha as coisas de Lu\u00eds separadas, para n\u00e3o haver risco de cont\u00e1gio. Belinha pede que Tobias n\u00e3o fa\u00e7a nada contra Neco, mas ele diz que n\u00e3o vai se controlar caso lhe provoquem. Zuca pensa em Lu\u00eds e chora. Ritinha fica com medo de pegar a doen\u00e7a de Lu\u00eds. O advogado percebe e fica arrasado. Tobias acaba confessando a Boanerges que viu Belinha conversando com Neco. O coronel fica furioso.  <\/p>\n<p>Lu\u00eds consegue convencer Boanerges a n\u00e3o bater em Belinha. Tom\u00e9 tem certeza de que Fel\u00edcio consegue entender o que eles dizem, mas n\u00e3o quer falar quem o atacou. Mariquinha pede que Tobias n\u00e3o desconte sua raiva de Justino em Neco. Tobias \u00e9 grosseiro com Mariquinha e a beija \u00e0 for\u00e7a. Mariquinha vai embora muito magoada. Justino v\u00ea a filha chorando e pergunta o que aconteceu, mas ela consegue dar uma desculpa. Julieta aconselha Mariquinha a esquecer Tobias. Fel\u00edcio come\u00e7a a melhorar, para alegria da fam\u00edlia. Zuca descobre que Lu\u00eds piorou de sa\u00fade. Boanerges percebe que alguns de seus aliados se bandearam para o lado de Justino. Tobias diz a Zuca que vai come\u00e7ar a construir a casa onde eles v\u00e3o morar depois de se casar. Emerenciana come\u00e7a a sentir as dores do parto e se preocupa, pois Boanerges n\u00e3o est\u00e1 em casa.<\/p>\n<p>(*) edi\u00e7\u00e3o das novelas da Globo, &#8220;Cabocla&#8221;, sujeito a altera\u00e7\u00e3o de data e conte\u00fado.<\/p>\n<p>Sinopse \u201cCabocla\u201d: Lu\u00eds Jer\u00f4nimo \u00e9 um jovem mulherengo, descobre que est\u00e1 com uma les\u00e3o no pulm\u00e3o e decide passar uma temporada na fazenda de um primo em Vila da Mata, o coronel Boanerges. Ele logo se encanta por Zuca. Eles enfrentar\u00e3o muita resist\u00eancia por conta de Zuca ser noiva do teimoso e encrenqueiro pe\u00e3o Tobias. Pepa, apaixonada por Lu\u00eds, se estabelece na fazenda vizinha, de propriedade do coronel vi\u00favo Justino, inimigo pol\u00edtico do coronel Boanerges.<\/p>\n<p>Paralelamente a esse embate, acontece o amor entre Belinha e Neco. Ela \u00e9 filha de Boanerges e Emerenciana; ele, de Justino. Em meio a tudo isso, eis que os sentimentos de Mariquinha, filha do coronel Justino e irm\u00e3 de Neco, por Tobias afloraram, fazendo-os viverem um quarteto amoroso ao lado de Zuca e Lu\u00eds Jer\u00f4nimo. No decorrer da trama, Tom\u00e9 desiste de esperar Rosa e se apaixona por Tina, por\u00e9m acaba morrendo, v\u00edtima de um assassinato, e deixa Tina vi\u00fava e gr\u00e1vida dele.<\/p>\n","protected":false},"excerpt":{"rendered":"<p>Resumo da novela &#8220;Cabocla&#8221; em 16\/11: no cap\u00edtulo 072(*) da novela, Tobias amea\u00e7a contar para Boanerges que viu Belinha e Neco juntos. Tobias decide n\u00e3o falar nada para Boanerges. Mariquinha diz a Neco que vai tentar conversar com Tobias e controlar a raiva dele. Dr. Teles fala para Tina e Generosa que \u00e9 imposs\u00edvel saber [&hellip;]<\/p>\n","protected":false},"author":2,"featured_media":246755,"comment_status":"closed","ping_status":"closed","sticky":false,"template":"","format":"standard","meta":{"tdm_status":"","tdm_grid_status":"","footnotes":""},"categories":[2332,379,375,2025,343],"tags":[441],"class_list":{"0":"post-249451","1":"post","2":"type-post","3":"status-publish","4":"format-standard","5":"has-post-thumbnail","7":"category-cabocla","8":"category-novelas","9":"category-rede-globo","10":"category-resumo","11":"category-televisao","12":"tag-resumo-do-dia"},"_links":{"self":[{"href":"https:\/\/migracao.redenoticia.com.br\/noticia\/wp-json\/wp\/v2\/posts\/249451","targetHints":{"allow":["GET"]}}],"collection":[{"href":"https:\/\/migracao.redenoticia.com.br\/noticia\/wp-json\/wp\/v2\/posts"}],"about":[{"href":"https:\/\/migracao.redenoticia.com.br\/noticia\/wp-json\/wp\/v2\/types\/post"}],"author":[{"embeddable":true,"href":"https:\/\/migracao.redenoticia.com.br\/noticia\/wp-json\/wp\/v2\/users\/2"}],"replies":[{"embeddable":true,"href":"https:\/\/migracao.redenoticia.com.br\/noticia\/wp-json\/wp\/v2\/comments?post=249451"}],"version-history":[{"count":0,"href":"https:\/\/migracao.redenoticia.com.br\/noticia\/wp-json\/wp\/v2\/posts\/249451\/revisions"}],"wp:featuredmedia":[{"embeddable":true,"href":"https:\/\/migracao.redenoticia.com.br\/noticia\/wp-json\/wp\/v2\/media\/246755"}],"wp:attachment":[{"href":"https:\/\/migracao.redenoticia.com.br\/noticia\/wp-json\/wp\/v2\/media?parent=249451"}],"wp:term":[{"taxonomy":"category","embeddable":true,"href":"https:\/\/migracao.redenoticia.com.br\/noticia\/wp-json\/wp\/v2\/categories?post=249451"},{"taxonomy":"post_tag","embeddable":true,"href":"https:\/\/migracao.redenoticia.com.br\/noticia\/wp-json\/wp\/v2\/tags?post=249451"}],"curies":[{"name":"wp","href":"https:\/\/api.w.org\/{rel}","templated":true}]}}