{"id":249453,"date":"2024-11-15T14:12:11","date_gmt":"2024-11-15T17:12:11","guid":{"rendered":"https:\/\/www.redenoticia.com.br\/noticia\/?p=249453"},"modified":"2024-11-15T14:12:11","modified_gmt":"2024-11-15T17:12:11","slug":"resumo-garota-do-momento-16-11-juliano-procura-beatriz","status":"publish","type":"post","link":"https:\/\/migracao.redenoticia.com.br\/noticia\/2024\/resumo-garota-do-momento-16-11-juliano-procura-beatriz\/249453","title":{"rendered":"Resumo &#8220;Garota do Momento&#8221; 16\/11: Juliano procura Beatriz"},"content":{"rendered":"<p> <img loading=\"lazy\" decoding=\"async\" src=\"https:\/\/migracao.redenoticia.com.br\/noticia\/imagens\/resumo-garota-do-momento.jpg\" alt=\"\" width=\"1280\" height=\"720\" class=\"aligncenter size-full wp-image-248879\" srcset=\"https:\/\/migracao.redenoticia.com.br\/noticia\/imagens\/resumo-garota-do-momento.jpg 1280w, https:\/\/migracao.redenoticia.com.br\/noticia\/imagens\/resumo-garota-do-momento-250x140.jpg 250w, https:\/\/migracao.redenoticia.com.br\/noticia\/imagens\/resumo-garota-do-momento-400x225.jpg 400w, https:\/\/migracao.redenoticia.com.br\/noticia\/imagens\/resumo-garota-do-momento-768x432.jpg 768w, https:\/\/migracao.redenoticia.com.br\/noticia\/imagens\/resumo-garota-do-momento-150x85.jpg 150w\" sizes=\"auto, (max-width: 1280px) 100vw, 1280px\" \/><\/p>\n<p><strong><em>Resumo da novela &#8220;Garota do Momento&#8221;<\/em><\/strong> em 16\/11: no cap\u00edtulo 012(*) da novela, Juliano gosta da sugest\u00e3o de Beto e pede que o rapaz conven\u00e7a Beatriz a trabalhar para sua marca. Bia n\u00e3o gosta da decis\u00e3o de Juliano de contratar Beatriz. Maristela alerta Juliano sobre as decis\u00f5es em sua empresa. <\/p>\n<p>Beatriz diz a Beto que quer dist\u00e2ncia da fam\u00edlia de Juliano. Glorinha comenta com Beatriz que trabalhar para a Perfumaria Carioca pode deix\u00e1-la mais pr\u00f3xima de Clarice. Eug\u00eania convida Guto para jantar em sua casa, e Nelson se anima. Juliano garante a Raimundo que convencer\u00e1 Beatriz a trabalhar para ele. Juliano procura Beatriz.   <\/p>\n<p>(*) edi\u00e7\u00e3o das novelas da Globo, &#8220;Garota do Momento&#8221;, sujeito a altera\u00e7\u00e3o de data e conte\u00fado.<\/p>\n<p>Sinopse \u201cGarota do Momento\u201d: Beatriz \u00e9 uma jovem que ensina crian\u00e7as no orfanato da av\u00f3 e cresceu acreditando que a m\u00e3e morreu. Um dia, ao ver uma foto da mesma em uma revista, decide mudar-se para o Rio de Janeiro atr\u00e1s do seu paradeiro. Por\u00e9m, ao reencontr\u00e1-la, n\u00e3o \u00e9 reconhecida pela m\u00e3e, e, pior ainda, acredita que ela a substituiu com uma nova filha, Bia, uma jovem mimada, autorit\u00e1ria e manipuladora. <\/p>\n<p>Beatriz coincidentemente se apaixona pelo namorado de Bia, o jornalista Beto. O amor entre Beatriz e Beto \u00e9 dificultado pela sa\u00fade fr\u00e1gil de Bia, que nasceu com comunica\u00e7\u00e3o interatrial e usa disso para manipular Beto e mant\u00ea-lo no relacionamento. Beatriz tamb\u00e9m enfrenta o preconceito da sociedade para se tornar garota-propaganda da Perfumaria Carioca, a empresa do marido de sua m\u00e3e. <\/p>\n","protected":false},"excerpt":{"rendered":"<p>Resumo da novela &#8220;Garota do Momento&#8221; em 16\/11: no cap\u00edtulo 012(*) da novela, Juliano gosta da sugest\u00e3o de Beto e pede que o rapaz conven\u00e7a Beatriz a trabalhar para sua marca. Bia n\u00e3o gosta da decis\u00e3o de Juliano de contratar Beatriz. Maristela alerta Juliano sobre as decis\u00f5es em sua empresa. Beatriz diz a Beto que [&hellip;]<\/p>\n","protected":false},"author":4,"featured_media":248878,"comment_status":"closed","ping_status":"closed","sticky":false,"template":"","format":"standard","meta":{"tdm_status":"","tdm_grid_status":"","footnotes":""},"categories":[2336,379,375,2025,343],"tags":[441],"class_list":{"0":"post-249453","1":"post","2":"type-post","3":"status-publish","4":"format-standard","5":"has-post-thumbnail","7":"category-garota-do-momento","8":"category-novelas","9":"category-rede-globo","10":"category-resumo","11":"category-televisao","12":"tag-resumo-do-dia"},"_links":{"self":[{"href":"https:\/\/migracao.redenoticia.com.br\/noticia\/wp-json\/wp\/v2\/posts\/249453","targetHints":{"allow":["GET"]}}],"collection":[{"href":"https:\/\/migracao.redenoticia.com.br\/noticia\/wp-json\/wp\/v2\/posts"}],"about":[{"href":"https:\/\/migracao.redenoticia.com.br\/noticia\/wp-json\/wp\/v2\/types\/post"}],"author":[{"embeddable":true,"href":"https:\/\/migracao.redenoticia.com.br\/noticia\/wp-json\/wp\/v2\/users\/4"}],"replies":[{"embeddable":true,"href":"https:\/\/migracao.redenoticia.com.br\/noticia\/wp-json\/wp\/v2\/comments?post=249453"}],"version-history":[{"count":0,"href":"https:\/\/migracao.redenoticia.com.br\/noticia\/wp-json\/wp\/v2\/posts\/249453\/revisions"}],"wp:featuredmedia":[{"embeddable":true,"href":"https:\/\/migracao.redenoticia.com.br\/noticia\/wp-json\/wp\/v2\/media\/248878"}],"wp:attachment":[{"href":"https:\/\/migracao.redenoticia.com.br\/noticia\/wp-json\/wp\/v2\/media?parent=249453"}],"wp:term":[{"taxonomy":"category","embeddable":true,"href":"https:\/\/migracao.redenoticia.com.br\/noticia\/wp-json\/wp\/v2\/categories?post=249453"},{"taxonomy":"post_tag","embeddable":true,"href":"https:\/\/migracao.redenoticia.com.br\/noticia\/wp-json\/wp\/v2\/tags?post=249453"}],"curies":[{"name":"wp","href":"https:\/\/api.w.org\/{rel}","templated":true}]}}