{"id":249485,"date":"2024-11-17T11:47:04","date_gmt":"2024-11-17T14:47:04","guid":{"rendered":"https:\/\/www.redenoticia.com.br\/noticia\/?p=249485"},"modified":"2024-11-17T11:47:04","modified_gmt":"2024-11-17T14:47:04","slug":"resumo-a-caverna-encantada-18-11-tonico-encontra-a-pedra-preciosa","status":"publish","type":"post","link":"https:\/\/migracao.redenoticia.com.br\/noticia\/2024\/resumo-a-caverna-encantada-18-11-tonico-encontra-a-pedra-preciosa\/249485","title":{"rendered":"Resumo \u201cA Caverna Encantada\u201d 18\/11: Tonico encontra a pedra preciosa"},"content":{"rendered":"<p> <img loading=\"lazy\" decoding=\"async\" src=\"https:\/\/migracao.redenoticia.com.br\/noticia\/imagens\/a-caverna-encantada-resumo-novela.jpg\" alt=\"\" width=\"1280\" height=\"720\" class=\"aligncenter size-full wp-image-246126\" srcset=\"https:\/\/migracao.redenoticia.com.br\/noticia\/imagens\/a-caverna-encantada-resumo-novela.jpg 1280w, https:\/\/migracao.redenoticia.com.br\/noticia\/imagens\/a-caverna-encantada-resumo-novela-250x140.jpg 250w, https:\/\/migracao.redenoticia.com.br\/noticia\/imagens\/a-caverna-encantada-resumo-novela-400x225.jpg 400w, https:\/\/migracao.redenoticia.com.br\/noticia\/imagens\/a-caverna-encantada-resumo-novela-768x432.jpg 768w, https:\/\/migracao.redenoticia.com.br\/noticia\/imagens\/a-caverna-encantada-resumo-novela-150x85.jpg 150w\" sizes=\"auto, (max-width: 1280px) 100vw, 1280px\" \/> <\/p>\n<p><strong><em>Resumo da novela \u201cA Caverna Encantada\u201d<\/em><\/strong> em 18\/11: no cap\u00edtulo 081(*) da novela, Lav\u00ednia grita no meio do col\u00e9gio que Anna \u00e9 filha de Norma. Felipe recupera o diamante, Anna tenta peg\u00e1-lo, mas a joia cai na privada. Pilar deixa flores no t\u00famulo do ex-marido. Gabriel a segue, a professora se incomoda e revela um segredo.<\/p>\n<p>As crian\u00e7as enfrentam desafios para recuperar o diamante falante perdido no esgoto. Anna e Manu se unem, enquanto Felipe e Rui formam outra dupla. Tonico encontra a pedra preciosa presa na privada. Os Lu\u00edses n\u00e3o gostam que Pedro passe o tempo com Isadora. Tonico pergunta para Norma se ela \u00e9 dona do diamante. Encantada, a vil\u00e3 mente, alegando ser dona da joia.<\/p>\n<p>Elisa fica encantada com o diamante e tenta tom\u00e1-lo de Norma. Anna explica a Manu que o diamante pode deixar a pessoa completamente obcecada. Felipe e Rui querem saber se Pedro gosta de Isadora. Em conversa com Dalete, Pedro revela que Isadora ficou chateada, j\u00e1 que ele n\u00e3o a defendeu dos meninos que zombaram dela, como Mois\u00e9s, filho de Dalete. Delirando, Elisa quer a todo custo o diamante. <\/p>\n<p>(*) edi\u00e7\u00e3o das novelas do SBT, \u201cA Caverna Encantada\u201d, sujeito a altera\u00e7\u00e3o de data e conte\u00fado.<\/p>\n<p>Sinopse \u201cA Caverna Encantada\u201d: A trama conta a hist\u00f3ria de Anna, uma menina de 7 anos, filha do m\u00e9dico e tamb\u00e9m mission\u00e1rio Paulo. O pai recebe um chamado para uma miss\u00e3o perigosa e, infelizmente, Anna n\u00e3o poder\u00e1 acompanh\u00e1-lo. Paulo deixa a filha Anna num col\u00e9gio interno no interior de S\u00e3o Paulo, onde a garota vai conviver com crian\u00e7as bem diferentes. O pai garante voltar no dia do anivers\u00e1rio da filha, mas misteriosamente, n\u00e3o retorna. Anna decide investigar os motivos sobre o sumi\u00e7o do pai e descobre algumas coisas interessantes sobre seu passado.<\/p>\n","protected":false},"excerpt":{"rendered":"<p>Resumo da novela \u201cA Caverna Encantada\u201d em 18\/11: no cap\u00edtulo 081(*) da novela, Lav\u00ednia grita no meio do col\u00e9gio que Anna \u00e9 filha de Norma. Felipe recupera o diamante, Anna tenta peg\u00e1-lo, mas a joia cai na privada. Pilar deixa flores no t\u00famulo do ex-marido. Gabriel a segue, a professora se incomoda e revela um [&hellip;]<\/p>\n","protected":false},"author":4,"featured_media":246125,"comment_status":"closed","ping_status":"closed","sticky":false,"template":"","format":"standard","meta":{"tdm_status":"","tdm_grid_status":"","footnotes":""},"categories":[2331,379,2025,372,343],"tags":[441],"class_list":{"0":"post-249485","1":"post","2":"type-post","3":"status-publish","4":"format-standard","5":"has-post-thumbnail","7":"category-a-caverna-encantada","8":"category-novelas","9":"category-resumo","10":"category-sbt","11":"category-televisao","12":"tag-resumo-do-dia"},"_links":{"self":[{"href":"https:\/\/migracao.redenoticia.com.br\/noticia\/wp-json\/wp\/v2\/posts\/249485","targetHints":{"allow":["GET"]}}],"collection":[{"href":"https:\/\/migracao.redenoticia.com.br\/noticia\/wp-json\/wp\/v2\/posts"}],"about":[{"href":"https:\/\/migracao.redenoticia.com.br\/noticia\/wp-json\/wp\/v2\/types\/post"}],"author":[{"embeddable":true,"href":"https:\/\/migracao.redenoticia.com.br\/noticia\/wp-json\/wp\/v2\/users\/4"}],"replies":[{"embeddable":true,"href":"https:\/\/migracao.redenoticia.com.br\/noticia\/wp-json\/wp\/v2\/comments?post=249485"}],"version-history":[{"count":0,"href":"https:\/\/migracao.redenoticia.com.br\/noticia\/wp-json\/wp\/v2\/posts\/249485\/revisions"}],"wp:featuredmedia":[{"embeddable":true,"href":"https:\/\/migracao.redenoticia.com.br\/noticia\/wp-json\/wp\/v2\/media\/246125"}],"wp:attachment":[{"href":"https:\/\/migracao.redenoticia.com.br\/noticia\/wp-json\/wp\/v2\/media?parent=249485"}],"wp:term":[{"taxonomy":"category","embeddable":true,"href":"https:\/\/migracao.redenoticia.com.br\/noticia\/wp-json\/wp\/v2\/categories?post=249485"},{"taxonomy":"post_tag","embeddable":true,"href":"https:\/\/migracao.redenoticia.com.br\/noticia\/wp-json\/wp\/v2\/tags?post=249485"}],"curies":[{"name":"wp","href":"https:\/\/api.w.org\/{rel}","templated":true}]}}