{"id":249489,"date":"2024-11-17T11:50:35","date_gmt":"2024-11-17T14:50:35","guid":{"rendered":"https:\/\/www.redenoticia.com.br\/noticia\/?p=249489"},"modified":"2024-11-17T11:50:35","modified_gmt":"2024-11-17T14:50:35","slug":"resumo-alma-gemea-18-11-cristina-decide-acusar-jose-aristides","status":"publish","type":"post","link":"https:\/\/migracao.redenoticia.com.br\/noticia\/2024\/resumo-alma-gemea-18-11-cristina-decide-acusar-jose-aristides\/249489","title":{"rendered":"Resumo &#8220;Alma G\u00eamea&#8221; 18\/11: Cristina decide acusar Jos\u00e9 Aristides"},"content":{"rendered":"<p> <img loading=\"lazy\" decoding=\"async\" src=\"https:\/\/migracao.redenoticia.com.br\/noticia\/imagens\/resumo-alma-gemea-logo-novela.jpg\" alt=\"\" width=\"1280\" height=\"720\" class=\"aligncenter size-full wp-image-244166\" srcset=\"https:\/\/migracao.redenoticia.com.br\/noticia\/imagens\/resumo-alma-gemea-logo-novela.jpg 1280w, https:\/\/migracao.redenoticia.com.br\/noticia\/imagens\/resumo-alma-gemea-logo-novela-250x140.jpg 250w, https:\/\/migracao.redenoticia.com.br\/noticia\/imagens\/resumo-alma-gemea-logo-novela-400x225.jpg 400w, https:\/\/migracao.redenoticia.com.br\/noticia\/imagens\/resumo-alma-gemea-logo-novela-768x432.jpg 768w, https:\/\/migracao.redenoticia.com.br\/noticia\/imagens\/resumo-alma-gemea-logo-novela-150x85.jpg 150w\" sizes=\"auto, (max-width: 1280px) 100vw, 1280px\" \/><\/p>\n<p><em><strong>Resumo da novela &#8220;Alma G\u00eamea&#8221;<\/strong><\/em> em 18\/11: no cap\u00edtulo 145(*) da novela, Cristina fala para Ivan que vai conseguir mais veneno e obrigar Serena a tomar. Alexandra diz a Serena que ela talvez precise morrer por Rafael. Serena garante a Alexandra que n\u00e3o tem medo. Rafael deduz que Ivan deve saber onde D\u00e9bora comprou o preparado e pede ajuda a Zulmira. H\u00e9lio explica para Ol\u00edvia que Vit\u00f3rio se afastou dela para impedir que Raul ganhasse o processo. Rafael pede que Zulmira conven\u00e7a Ivan a contar onde D\u00e9bora conseguiu o veneno. Rafael leva Serena para fazer os exames. Zulmira concorda em ajudar Rafael. Mirna sofre com o excesso de trabalho dom\u00e9stico. Alaor incentiva Gumercindo a namorar Nina. Ol\u00edvia procura Judith. Zulmira pergunta se Ivan ajudou na compra do veneno. H\u00e9lio diz a Raul que h\u00e1 uma diferen\u00e7a no livro-caixa. K\u00e1tia descansa, e Mirna fica chateada. Alaor pede a Mirna que fa\u00e7a um bolo de milho. Mirna, cansada de trabalhar, expulsa Alaor. <\/p>\n<p>Judith diz a Ol\u00edvia que n\u00e3o est\u00e1 namorando Vit\u00f3rio. Ol\u00edvia pensa que Vit\u00f3rio mentiu porque estava querendo se livrar dela. Jos\u00e9 Aristides diz a Bernardo que chegou a hora dele partir. Ivan garante a Zulmira que n\u00e3o sabe de nada. Roberval convida H\u00e9lio e Sabina para morarem em seu apartamento depois que ele for para a fazenda. H\u00e9lio pergunta a Dalila se ela sabe se Raul rouba Rafael. Cristina decide acusar Jos\u00e9 Aristides de ter entregado o veneno a Rafael. O m\u00e9dico que examinou Serena conversa com Rafael. Rafael exige que o m\u00e9dico diga o que Serena tem e se preocupa com a gravidade da doen\u00e7a. Dalila garante a H\u00e9lio que n\u00e3o sabe de nada. Roberval percebe que ela est\u00e1 mentindo e exige que fale a verdade. K\u00e1tia sobrecarrega Mirna com servi\u00e7o. Fil\u00f3 se interessa por Bernardo. Clarice defende Sabina. O m\u00e9dico explica a Rafael que Serena tem um problema de nascen\u00e7a no cora\u00e7\u00e3o e que n\u00e3o pode ter emo\u00e7\u00f5es fortes, pois isso poder\u00e1 ser fatal.  <\/p>\n<p>(*) edi\u00e7\u00e3o das novelas da Globo, &#8220;Alma G\u00eamea&#8221;, sujeito a altera\u00e7\u00e3o de data e conte\u00fado.<\/p>\n<p>Sinopse &#8220;Alma G\u00eamea&#8221;: Rafael e Luna casam-se e t\u00eam um filho, mas a felicidade \u00e9 invejada por Cristina. Em um passeio, Rafael reage a um assalto e um dos ladr\u00f5es, que \u00e9 conhecido de Cristina, atira. Luna morre. Enquanto Rafael se desespera com a perda de Luna, em um lugar bem distante dali, nasce a menina Serena, filha de uma \u00edndia com um garimpeiro. Ela cresce em uma aldeia ind\u00edgena e tem vis\u00f5es. <\/p>\n<p>Vinte anos se passam da morte de Luna. Serena consegue trabalho como empregada na mans\u00e3o de Rafael. Serena tem em seu corpo uma marca de nascen\u00e7a, no mesmo lugar em que Luna levou o tiro. A trama segue envolta em mist\u00e9rios e marcada por fatos inexplic\u00e1veis. Rafael passa a acreditar que Serena \u00e9 de fato a reencarna\u00e7\u00e3o de Luna, se apaixona por ela e a pede em casamento. Cristina e sua m\u00e3e D\u00e9bora percebem que Serena representa uma amea\u00e7a, e a novela segue com as duas tramando de tudo para separar os dois.<\/p>\n","protected":false},"excerpt":{"rendered":"<p>Resumo da novela &#8220;Alma G\u00eamea&#8221; em 18\/11: no cap\u00edtulo 145(*) da novela, Cristina fala para Ivan que vai conseguir mais veneno e obrigar Serena a tomar. Alexandra diz a Serena que ela talvez precise morrer por Rafael. Serena garante a Alexandra que n\u00e3o tem medo. Rafael deduz que Ivan deve saber onde D\u00e9bora comprou o [&hellip;]<\/p>\n","protected":false},"author":5,"featured_media":244165,"comment_status":"closed","ping_status":"closed","sticky":false,"template":"","format":"standard","meta":{"tdm_status":"","tdm_grid_status":"","footnotes":""},"categories":[2328,379,375,2025,343],"tags":[441],"class_list":{"0":"post-249489","1":"post","2":"type-post","3":"status-publish","4":"format-standard","5":"has-post-thumbnail","7":"category-alma-gemea","8":"category-novelas","9":"category-rede-globo","10":"category-resumo","11":"category-televisao","12":"tag-resumo-do-dia"},"_links":{"self":[{"href":"https:\/\/migracao.redenoticia.com.br\/noticia\/wp-json\/wp\/v2\/posts\/249489","targetHints":{"allow":["GET"]}}],"collection":[{"href":"https:\/\/migracao.redenoticia.com.br\/noticia\/wp-json\/wp\/v2\/posts"}],"about":[{"href":"https:\/\/migracao.redenoticia.com.br\/noticia\/wp-json\/wp\/v2\/types\/post"}],"author":[{"embeddable":true,"href":"https:\/\/migracao.redenoticia.com.br\/noticia\/wp-json\/wp\/v2\/users\/5"}],"replies":[{"embeddable":true,"href":"https:\/\/migracao.redenoticia.com.br\/noticia\/wp-json\/wp\/v2\/comments?post=249489"}],"version-history":[{"count":0,"href":"https:\/\/migracao.redenoticia.com.br\/noticia\/wp-json\/wp\/v2\/posts\/249489\/revisions"}],"wp:featuredmedia":[{"embeddable":true,"href":"https:\/\/migracao.redenoticia.com.br\/noticia\/wp-json\/wp\/v2\/media\/244165"}],"wp:attachment":[{"href":"https:\/\/migracao.redenoticia.com.br\/noticia\/wp-json\/wp\/v2\/media?parent=249489"}],"wp:term":[{"taxonomy":"category","embeddable":true,"href":"https:\/\/migracao.redenoticia.com.br\/noticia\/wp-json\/wp\/v2\/categories?post=249489"},{"taxonomy":"post_tag","embeddable":true,"href":"https:\/\/migracao.redenoticia.com.br\/noticia\/wp-json\/wp\/v2\/tags?post=249489"}],"curies":[{"name":"wp","href":"https:\/\/api.w.org\/{rel}","templated":true}]}}