{"id":249514,"date":"2024-11-18T15:14:50","date_gmt":"2024-11-18T18:14:50","guid":{"rendered":"https:\/\/www.redenoticia.com.br\/noticia\/?p=249514"},"modified":"2024-11-18T15:14:50","modified_gmt":"2024-11-18T18:14:50","slug":"resumo-cabocla-19-11-belinha-e-luis-tentam-consolar-emerenciana","status":"publish","type":"post","link":"https:\/\/migracao.redenoticia.com.br\/noticia\/2024\/resumo-cabocla-19-11-belinha-e-luis-tentam-consolar-emerenciana\/249514","title":{"rendered":"Resumo &#8220;Cabocla&#8221; 19\/11: Belinha e Lu\u00eds tentam consolar Emerenciana"},"content":{"rendered":"<p> <img loading=\"lazy\" decoding=\"async\" src=\"https:\/\/migracao.redenoticia.com.br\/noticia\/imagens\/cabocla-resumo-novela.jpg\" alt=\"\" width=\"1280\" height=\"720\" class=\"aligncenter size-full wp-image-246754\" srcset=\"https:\/\/migracao.redenoticia.com.br\/noticia\/imagens\/cabocla-resumo-novela.jpg 1280w, https:\/\/migracao.redenoticia.com.br\/noticia\/imagens\/cabocla-resumo-novela-250x140.jpg 250w, https:\/\/migracao.redenoticia.com.br\/noticia\/imagens\/cabocla-resumo-novela-400x225.jpg 400w, https:\/\/migracao.redenoticia.com.br\/noticia\/imagens\/cabocla-resumo-novela-768x432.jpg 768w, https:\/\/migracao.redenoticia.com.br\/noticia\/imagens\/cabocla-resumo-novela-150x85.jpg 150w\" sizes=\"auto, (max-width: 1280px) 100vw, 1280px\" \/>  <\/p>\n<p><em><strong>Resumo da novela &#8220;Cabocla&#8221;<\/strong><\/em> em 19\/11: no cap\u00edtulo 074(*) da novela, Emerenciana fica irritada com Boanerges, que est\u00e1 cuidando de assuntos pol\u00edticos. Nast\u00e1cio chama Generosa para ajudar no parto da crian\u00e7a. Belinha e Lu\u00eds se preocupam com Emerenciana. Boanerges chega em casa e toma um susto ao saber que seu filho est\u00e1 nascendo. Emerenciana percebe que seu marido quer que a crian\u00e7a seja menino e fica magoada. Bina fala para Zuca que Lu\u00eds deve ser tuberculoso, deixando-a desesperada. Pequetita conta para Joaquim que Pepa diz estar esperando um filho de Lu\u00eds. Boanerges torce para que nas\u00e7a um menino. Joaquim fica apavorado com a id\u00e9ia de Pepa ser m\u00e3e de seu neto. Neco diz a Justino que ele tem de ajud\u00e1-lo a ficar com Belinha caso ganhe a elei\u00e7\u00e3o. Fel\u00edcio come\u00e7a a andar, mas continua sem querer falar. Generosa diz para Boanerges que nasceu um menino.<\/p>\n<p>Boanerges fica radiante. Generosa diz que o menino nasceu morto, deixando o coronel em estado de choque. Belinha e Lu\u00eds tentam consolar Emerenciana, que est\u00e1 arrasada. Todo o povo comparece ao enterro do filho de Boanerges. Justino sente pena de seu inimigo pol\u00edtico. Bina deixa que Zuca v\u00e1 passar alguns dias na casa de Boanerges, para consolar Emerenciana. Justino diz a Mariquinha e Neco que eles deveriam ir at\u00e9 a casa de Boanerges para dar seus p\u00easames \u00e0 fam\u00edlia. Emerenciana recebe Neco e Mariquinha e diz a Neco que ele tem sua b\u00ean\u00e7\u00e3o para se casar com Belinha. Boanerges garante ao Vig\u00e1rio que n\u00e3o vai deixar que o sofrimento lhe derrube. Neco sugere a Justino que ele se torne aliado de Boanerges, deixando-o furioso. Joaquim diz a Pequetita que est\u00e1 velho demais para se casar com ela, irritando-a. Pepa chega em Pau D\u2019Alho e pergunta a Bina por Lu\u00eds.<\/p>\n<p>(*) edi\u00e7\u00e3o das novelas da Globo, &#8220;Cabocla&#8221;, sujeito a altera\u00e7\u00e3o de data e conte\u00fado.<\/p>\n<p>Sinopse \u201cCabocla\u201d: Lu\u00eds Jer\u00f4nimo \u00e9 um jovem mulherengo, descobre que est\u00e1 com uma les\u00e3o no pulm\u00e3o e decide passar uma temporada na fazenda de um primo em Vila da Mata, o coronel Boanerges. Ele logo se encanta por Zuca. Eles enfrentar\u00e3o muita resist\u00eancia por conta de Zuca ser noiva do teimoso e encrenqueiro pe\u00e3o Tobias. Pepa, apaixonada por Lu\u00eds, se estabelece na fazenda vizinha, de propriedade do coronel vi\u00favo Justino, inimigo pol\u00edtico do coronel Boanerges.<\/p>\n<p>Paralelamente a esse embate, acontece o amor entre Belinha e Neco. Ela \u00e9 filha de Boanerges e Emerenciana; ele, de Justino. Em meio a tudo isso, eis que os sentimentos de Mariquinha, filha do coronel Justino e irm\u00e3 de Neco, por Tobias afloraram, fazendo-os viverem um quarteto amoroso ao lado de Zuca e Lu\u00eds Jer\u00f4nimo. No decorrer da trama, Tom\u00e9 desiste de esperar Rosa e se apaixona por Tina, por\u00e9m acaba morrendo, v\u00edtima de um assassinato, e deixa Tina vi\u00fava e gr\u00e1vida dele.<\/p>\n","protected":false},"excerpt":{"rendered":"<p>Resumo da novela &#8220;Cabocla&#8221; em 19\/11: no cap\u00edtulo 074(*) da novela, Emerenciana fica irritada com Boanerges, que est\u00e1 cuidando de assuntos pol\u00edticos. Nast\u00e1cio chama Generosa para ajudar no parto da crian\u00e7a. Belinha e Lu\u00eds se preocupam com Emerenciana. Boanerges chega em casa e toma um susto ao saber que seu filho est\u00e1 nascendo. Emerenciana percebe [&hellip;]<\/p>\n","protected":false},"author":2,"featured_media":246755,"comment_status":"closed","ping_status":"closed","sticky":false,"template":"","format":"standard","meta":{"tdm_status":"","tdm_grid_status":"","footnotes":""},"categories":[2332,379,375,2025,343],"tags":[441],"class_list":{"0":"post-249514","1":"post","2":"type-post","3":"status-publish","4":"format-standard","5":"has-post-thumbnail","7":"category-cabocla","8":"category-novelas","9":"category-rede-globo","10":"category-resumo","11":"category-televisao","12":"tag-resumo-do-dia"},"_links":{"self":[{"href":"https:\/\/migracao.redenoticia.com.br\/noticia\/wp-json\/wp\/v2\/posts\/249514","targetHints":{"allow":["GET"]}}],"collection":[{"href":"https:\/\/migracao.redenoticia.com.br\/noticia\/wp-json\/wp\/v2\/posts"}],"about":[{"href":"https:\/\/migracao.redenoticia.com.br\/noticia\/wp-json\/wp\/v2\/types\/post"}],"author":[{"embeddable":true,"href":"https:\/\/migracao.redenoticia.com.br\/noticia\/wp-json\/wp\/v2\/users\/2"}],"replies":[{"embeddable":true,"href":"https:\/\/migracao.redenoticia.com.br\/noticia\/wp-json\/wp\/v2\/comments?post=249514"}],"version-history":[{"count":0,"href":"https:\/\/migracao.redenoticia.com.br\/noticia\/wp-json\/wp\/v2\/posts\/249514\/revisions"}],"wp:featuredmedia":[{"embeddable":true,"href":"https:\/\/migracao.redenoticia.com.br\/noticia\/wp-json\/wp\/v2\/media\/246755"}],"wp:attachment":[{"href":"https:\/\/migracao.redenoticia.com.br\/noticia\/wp-json\/wp\/v2\/media?parent=249514"}],"wp:term":[{"taxonomy":"category","embeddable":true,"href":"https:\/\/migracao.redenoticia.com.br\/noticia\/wp-json\/wp\/v2\/categories?post=249514"},{"taxonomy":"post_tag","embeddable":true,"href":"https:\/\/migracao.redenoticia.com.br\/noticia\/wp-json\/wp\/v2\/tags?post=249514"}],"curies":[{"name":"wp","href":"https:\/\/api.w.org\/{rel}","templated":true}]}}