{"id":249516,"date":"2024-11-18T15:19:38","date_gmt":"2024-11-18T18:19:38","guid":{"rendered":"https:\/\/www.redenoticia.com.br\/noticia\/?p=249516"},"modified":"2024-11-18T15:19:38","modified_gmt":"2024-11-18T18:19:38","slug":"resumo-alma-gemea-19-11-jose-aristides-foge","status":"publish","type":"post","link":"https:\/\/migracao.redenoticia.com.br\/noticia\/2024\/resumo-alma-gemea-19-11-jose-aristides-foge\/249516","title":{"rendered":"Resumo &#8220;Alma G\u00eamea&#8221; 19\/11: Jos\u00e9 Aristides foge"},"content":{"rendered":"<p> <img loading=\"lazy\" decoding=\"async\" src=\"https:\/\/migracao.redenoticia.com.br\/noticia\/imagens\/resumo-alma-gemea-logo-novela.jpg\" alt=\"\" width=\"1280\" height=\"720\" class=\"aligncenter size-full wp-image-244166\" srcset=\"https:\/\/migracao.redenoticia.com.br\/noticia\/imagens\/resumo-alma-gemea-logo-novela.jpg 1280w, https:\/\/migracao.redenoticia.com.br\/noticia\/imagens\/resumo-alma-gemea-logo-novela-250x140.jpg 250w, https:\/\/migracao.redenoticia.com.br\/noticia\/imagens\/resumo-alma-gemea-logo-novela-400x225.jpg 400w, https:\/\/migracao.redenoticia.com.br\/noticia\/imagens\/resumo-alma-gemea-logo-novela-768x432.jpg 768w, https:\/\/migracao.redenoticia.com.br\/noticia\/imagens\/resumo-alma-gemea-logo-novela-150x85.jpg 150w\" sizes=\"auto, (max-width: 1280px) 100vw, 1280px\" \/><\/p>\n<p><em><strong>Resumo da novela &#8220;Alma G\u00eamea&#8221;<\/strong><\/em> em 19\/11: no cap\u00edtulo 146(*) da novela, Serena garante a Rafael que s\u00f3 ir\u00e1 embora quando tiver cumprido sua miss\u00e3o, que ainda n\u00e3o sabe qual \u00e9. Cristina exige que o delegado interrogue Jos\u00e9 Aristides, e acusa-o de ter fornecido o veneno que matou sua m\u00e3e. Ciro segue Cristina. Rafael pede para falar com Julian. Alexandra pede a Nair para lev\u00e1-la ao m\u00e9dico. Dalila confessa para Roberval que ajudou Raul a preparar uma armadilha para Ab\u00edlio, e explica que tem medo de ser presa se confessar. Ol\u00edvia fala para Vit\u00f3rio que vai se casar com um homem muito rico e pede que ele a ajude a preparar um jantar de noivado. Ol\u00edvia diz a Mirella que vai fazer Vit\u00f3rio se arrastar a seus p\u00e9s. Generosa descobre que sumiu dinheiro de sua bolsa quando ela estava na pens\u00e3o. H\u00e9lio garante que vai descobrir quem \u00e9 o ladr\u00e3o. Raul pede que Terezinha derrube tinta no livro caixa da floricultura. <\/p>\n<p>O delegado diz a Jos\u00e9 Aristides que quer lhe fazer perguntas. Assustado, Jos\u00e9 Aristides foge. Rafael pergunta a Julian se h\u00e1 alguma maneira de curar Serena. Jos\u00e9 Aristides consegue fugir e se esconde na mata. Ivan sugere que Cristina esque\u00e7a sua vingan\u00e7a e fuja com ele. Cristina diz que s\u00f3 ser\u00e1 feliz depois de ter se vingado de Serena. Roberval pede que Dalila conte a Rafael que Raul adulterou os livros para fazer com que Ab\u00edlio fosse demitido. Cristina afirma para o delegado que Jos\u00e9 Aristides fugiu porque \u00e9 culpado. Cristina planeja se vingar de Serena. Rafael diz a Felipe que buscou ajuda espiritual para cuidar de Serena. Vera confessa para Julian que est\u00e1 come\u00e7ando a gostar dele. Cristina se assusta ao ver sombras. <\/p>\n<p>(*) edi\u00e7\u00e3o das novelas da Globo, &#8220;Alma G\u00eamea&#8221;, sujeito a altera\u00e7\u00e3o de data e conte\u00fado.<\/p>\n<p>Sinopse &#8220;Alma G\u00eamea&#8221;: Rafael e Luna casam-se e t\u00eam um filho, mas a felicidade \u00e9 invejada por Cristina. Em um passeio, Rafael reage a um assalto e um dos ladr\u00f5es, que \u00e9 conhecido de Cristina, atira. Luna morre. Enquanto Rafael se desespera com a perda de Luna, em um lugar bem distante dali, nasce a menina Serena, filha de uma \u00edndia com um garimpeiro. Ela cresce em uma aldeia ind\u00edgena e tem vis\u00f5es. <\/p>\n<p>Vinte anos se passam da morte de Luna. Serena consegue trabalho como empregada na mans\u00e3o de Rafael. Serena tem em seu corpo uma marca de nascen\u00e7a, no mesmo lugar em que Luna levou o tiro. A trama segue envolta em mist\u00e9rios e marcada por fatos inexplic\u00e1veis. Rafael passa a acreditar que Serena \u00e9 de fato a reencarna\u00e7\u00e3o de Luna, se apaixona por ela e a pede em casamento. Cristina e sua m\u00e3e D\u00e9bora percebem que Serena representa uma amea\u00e7a, e a novela segue com as duas tramando de tudo para separar os dois.<\/p>\n","protected":false},"excerpt":{"rendered":"<p>Resumo da novela &#8220;Alma G\u00eamea&#8221; em 19\/11: no cap\u00edtulo 146(*) da novela, Serena garante a Rafael que s\u00f3 ir\u00e1 embora quando tiver cumprido sua miss\u00e3o, que ainda n\u00e3o sabe qual \u00e9. Cristina exige que o delegado interrogue Jos\u00e9 Aristides, e acusa-o de ter fornecido o veneno que matou sua m\u00e3e. Ciro segue Cristina. Rafael pede [&hellip;]<\/p>\n","protected":false},"author":5,"featured_media":244165,"comment_status":"closed","ping_status":"closed","sticky":false,"template":"","format":"standard","meta":{"tdm_status":"","tdm_grid_status":"","footnotes":""},"categories":[2328,379,375,2025,343],"tags":[441],"class_list":{"0":"post-249516","1":"post","2":"type-post","3":"status-publish","4":"format-standard","5":"has-post-thumbnail","7":"category-alma-gemea","8":"category-novelas","9":"category-rede-globo","10":"category-resumo","11":"category-televisao","12":"tag-resumo-do-dia"},"_links":{"self":[{"href":"https:\/\/migracao.redenoticia.com.br\/noticia\/wp-json\/wp\/v2\/posts\/249516","targetHints":{"allow":["GET"]}}],"collection":[{"href":"https:\/\/migracao.redenoticia.com.br\/noticia\/wp-json\/wp\/v2\/posts"}],"about":[{"href":"https:\/\/migracao.redenoticia.com.br\/noticia\/wp-json\/wp\/v2\/types\/post"}],"author":[{"embeddable":true,"href":"https:\/\/migracao.redenoticia.com.br\/noticia\/wp-json\/wp\/v2\/users\/5"}],"replies":[{"embeddable":true,"href":"https:\/\/migracao.redenoticia.com.br\/noticia\/wp-json\/wp\/v2\/comments?post=249516"}],"version-history":[{"count":0,"href":"https:\/\/migracao.redenoticia.com.br\/noticia\/wp-json\/wp\/v2\/posts\/249516\/revisions"}],"wp:featuredmedia":[{"embeddable":true,"href":"https:\/\/migracao.redenoticia.com.br\/noticia\/wp-json\/wp\/v2\/media\/244165"}],"wp:attachment":[{"href":"https:\/\/migracao.redenoticia.com.br\/noticia\/wp-json\/wp\/v2\/media?parent=249516"}],"wp:term":[{"taxonomy":"category","embeddable":true,"href":"https:\/\/migracao.redenoticia.com.br\/noticia\/wp-json\/wp\/v2\/categories?post=249516"},{"taxonomy":"post_tag","embeddable":true,"href":"https:\/\/migracao.redenoticia.com.br\/noticia\/wp-json\/wp\/v2\/tags?post=249516"}],"curies":[{"name":"wp","href":"https:\/\/api.w.org\/{rel}","templated":true}]}}