{"id":249550,"date":"2024-11-19T19:40:43","date_gmt":"2024-11-19T22:40:43","guid":{"rendered":"https:\/\/www.redenoticia.com.br\/noticia\/?p=249550"},"modified":"2024-11-19T19:40:43","modified_gmt":"2024-11-19T22:40:43","slug":"resumo-cabocla-20-11-tina-diz-a-tobias-que-zuca-gosta-de-luis","status":"publish","type":"post","link":"https:\/\/migracao.redenoticia.com.br\/noticia\/2024\/resumo-cabocla-20-11-tina-diz-a-tobias-que-zuca-gosta-de-luis\/249550","title":{"rendered":"Resumo &#8220;Cabocla&#8221; 20\/11: Tina diz a Tobias que Zuca gosta de Lu\u00eds"},"content":{"rendered":"<p> <img loading=\"lazy\" decoding=\"async\" src=\"https:\/\/migracao.redenoticia.com.br\/noticia\/imagens\/cabocla-resumo-novela.jpg\" alt=\"\" width=\"1280\" height=\"720\" class=\"aligncenter size-full wp-image-246754\" srcset=\"https:\/\/migracao.redenoticia.com.br\/noticia\/imagens\/cabocla-resumo-novela.jpg 1280w, https:\/\/migracao.redenoticia.com.br\/noticia\/imagens\/cabocla-resumo-novela-250x140.jpg 250w, https:\/\/migracao.redenoticia.com.br\/noticia\/imagens\/cabocla-resumo-novela-400x225.jpg 400w, https:\/\/migracao.redenoticia.com.br\/noticia\/imagens\/cabocla-resumo-novela-768x432.jpg 768w, https:\/\/migracao.redenoticia.com.br\/noticia\/imagens\/cabocla-resumo-novela-150x85.jpg 150w\" sizes=\"auto, (max-width: 1280px) 100vw, 1280px\" \/>  <\/p>\n<p><em><strong>Resumo da novela &#8220;Cabocla&#8221;<\/strong><\/em> em 20\/11: no cap\u00edtulo 075(*) da novela, Pepa diz a Bina que Lu\u00eds \u00e9 o amor de sua vida e pergunta onde ele est\u00e1. Bina fica indignada ao saber que o advogado estava envolvido com mais uma mulher. Dr. Teles diz a Boanerges que Emerenciana n\u00e3o corre risco nenhum. Emerenciana fala para o marido que eles foram castigados por Deus. Boanerges percebe que Emerenciana o culpa pela morte da crian\u00e7a. Ritinha flerta com Chico para deixar Nast\u00e1cio com ci\u00fames. Zuca pergunta a Belinha se Lu\u00eds est\u00e1 muito doente. <\/p>\n<p>Belinha garante que n\u00e3o. Tobias pergunta a Tina por que ela n\u00e3o gosta de sua noiva. Tina diz a Tobias que Zuca gosta de Lu\u00eds. O pe\u00e3o fica arrasado, mas promete \u00e0 irm\u00e3 que n\u00e3o vai fazer nenhuma bobagem. Emerenciana percebe que Boanerges est\u00e1 t\u00e3o triste quanto ela e os dois se abra\u00e7am. Justino diz a Neco que prefere v\u00ea-lo morto do que casado com Belinha. Tobias chega furioso na casa de Boanerges e exige que chamem Lu\u00eds. <\/p>\n<p>(*) edi\u00e7\u00e3o das novelas da Globo, &#8220;Cabocla&#8221;, sujeito a altera\u00e7\u00e3o de data e conte\u00fado.<\/p>\n<p>Sinopse \u201cCabocla\u201d: Lu\u00eds Jer\u00f4nimo \u00e9 um jovem mulherengo, descobre que est\u00e1 com uma les\u00e3o no pulm\u00e3o e decide passar uma temporada na fazenda de um primo em Vila da Mata, o coronel Boanerges. Ele logo se encanta por Zuca. Eles enfrentar\u00e3o muita resist\u00eancia por conta de Zuca ser noiva do teimoso e encrenqueiro pe\u00e3o Tobias. Pepa, apaixonada por Lu\u00eds, se estabelece na fazenda vizinha, de propriedade do coronel vi\u00favo Justino, inimigo pol\u00edtico do coronel Boanerges.<\/p>\n<p>Paralelamente a esse embate, acontece o amor entre Belinha e Neco. Ela \u00e9 filha de Boanerges e Emerenciana; ele, de Justino. Em meio a tudo isso, eis que os sentimentos de Mariquinha, filha do coronel Justino e irm\u00e3 de Neco, por Tobias afloraram, fazendo-os viverem um quarteto amoroso ao lado de Zuca e Lu\u00eds Jer\u00f4nimo. No decorrer da trama, Tom\u00e9 desiste de esperar Rosa e se apaixona por Tina, por\u00e9m acaba morrendo, v\u00edtima de um assassinato, e deixa Tina vi\u00fava e gr\u00e1vida dele.<\/p>\n","protected":false},"excerpt":{"rendered":"<p>Resumo da novela &#8220;Cabocla&#8221; em 20\/11: no cap\u00edtulo 075(*) da novela, Pepa diz a Bina que Lu\u00eds \u00e9 o amor de sua vida e pergunta onde ele est\u00e1. Bina fica indignada ao saber que o advogado estava envolvido com mais uma mulher. Dr. Teles diz a Boanerges que Emerenciana n\u00e3o corre risco nenhum. Emerenciana fala [&hellip;]<\/p>\n","protected":false},"author":2,"featured_media":246755,"comment_status":"closed","ping_status":"closed","sticky":false,"template":"","format":"standard","meta":{"tdm_status":"","tdm_grid_status":"","footnotes":""},"categories":[2332,379,375,2025,343],"tags":[441],"class_list":{"0":"post-249550","1":"post","2":"type-post","3":"status-publish","4":"format-standard","5":"has-post-thumbnail","7":"category-cabocla","8":"category-novelas","9":"category-rede-globo","10":"category-resumo","11":"category-televisao","12":"tag-resumo-do-dia"},"_links":{"self":[{"href":"https:\/\/migracao.redenoticia.com.br\/noticia\/wp-json\/wp\/v2\/posts\/249550","targetHints":{"allow":["GET"]}}],"collection":[{"href":"https:\/\/migracao.redenoticia.com.br\/noticia\/wp-json\/wp\/v2\/posts"}],"about":[{"href":"https:\/\/migracao.redenoticia.com.br\/noticia\/wp-json\/wp\/v2\/types\/post"}],"author":[{"embeddable":true,"href":"https:\/\/migracao.redenoticia.com.br\/noticia\/wp-json\/wp\/v2\/users\/2"}],"replies":[{"embeddable":true,"href":"https:\/\/migracao.redenoticia.com.br\/noticia\/wp-json\/wp\/v2\/comments?post=249550"}],"version-history":[{"count":0,"href":"https:\/\/migracao.redenoticia.com.br\/noticia\/wp-json\/wp\/v2\/posts\/249550\/revisions"}],"wp:featuredmedia":[{"embeddable":true,"href":"https:\/\/migracao.redenoticia.com.br\/noticia\/wp-json\/wp\/v2\/media\/246755"}],"wp:attachment":[{"href":"https:\/\/migracao.redenoticia.com.br\/noticia\/wp-json\/wp\/v2\/media?parent=249550"}],"wp:term":[{"taxonomy":"category","embeddable":true,"href":"https:\/\/migracao.redenoticia.com.br\/noticia\/wp-json\/wp\/v2\/categories?post=249550"},{"taxonomy":"post_tag","embeddable":true,"href":"https:\/\/migracao.redenoticia.com.br\/noticia\/wp-json\/wp\/v2\/tags?post=249550"}],"curies":[{"name":"wp","href":"https:\/\/api.w.org\/{rel}","templated":true}]}}