{"id":249552,"date":"2024-11-19T19:43:14","date_gmt":"2024-11-19T22:43:14","guid":{"rendered":"https:\/\/www.redenoticia.com.br\/noticia\/?p=249552"},"modified":"2024-11-19T19:43:14","modified_gmt":"2024-11-19T22:43:14","slug":"resumo-alma-gemea-20-11-os-moradores-da-pensao-ouvem-os-gritos-do-falecido","status":"publish","type":"post","link":"https:\/\/migracao.redenoticia.com.br\/noticia\/2024\/resumo-alma-gemea-20-11-os-moradores-da-pensao-ouvem-os-gritos-do-falecido\/249552","title":{"rendered":"Resumo &#8220;Alma G\u00eamea&#8221; 20\/11: Os moradores da pens\u00e3o ouvem os gritos do falecido"},"content":{"rendered":"<p> <img loading=\"lazy\" decoding=\"async\" src=\"https:\/\/migracao.redenoticia.com.br\/noticia\/imagens\/resumo-alma-gemea-logo-novela.jpg\" alt=\"\" width=\"1280\" height=\"720\" class=\"aligncenter size-full wp-image-244166\" srcset=\"https:\/\/migracao.redenoticia.com.br\/noticia\/imagens\/resumo-alma-gemea-logo-novela.jpg 1280w, https:\/\/migracao.redenoticia.com.br\/noticia\/imagens\/resumo-alma-gemea-logo-novela-250x140.jpg 250w, https:\/\/migracao.redenoticia.com.br\/noticia\/imagens\/resumo-alma-gemea-logo-novela-400x225.jpg 400w, https:\/\/migracao.redenoticia.com.br\/noticia\/imagens\/resumo-alma-gemea-logo-novela-768x432.jpg 768w, https:\/\/migracao.redenoticia.com.br\/noticia\/imagens\/resumo-alma-gemea-logo-novela-150x85.jpg 150w\" sizes=\"auto, (max-width: 1280px) 100vw, 1280px\" \/><\/p>\n<p><em><strong>Resumo da novela &#8220;Alma G\u00eamea&#8221;<\/strong><\/em> em 20\/11: no cap\u00edtulo 147(*) da novela, Cristina v\u00ea sombras, e Guto a atormenta. Rafael busca Serena no hospital. Bernardo procura Rafael. Adelaide e Agnes convidam Sabina e H\u00e9lio para morarem com elas at\u00e9 que possam se mudar para o apartamento de Roberval. Ciro insiste com Agnes que a ama. Serena volta para casa. Guto aconselha Cristina a se arrepender, mas ela se recusa. Vit\u00f3rio desabafa com H\u00e9lio. Ol\u00edvia garante a Mirella que n\u00e3o sente mais nada por Vit\u00f3rio. H\u00e9lio conta para todos na pens\u00e3o que vai guardar dinheiro no bule e coloca uma ratoeira l\u00e1 dentro tamb\u00e9m. Bernardo conta para Rafael que Jos\u00e9 Aristides est\u00e1 sendo acusado pela morte de D\u00e9bora. <\/p>\n<p>Roberval insiste para Dalila contar a verdade sobre os livros-caixa. O falecido tenta pegar o dinheiro de H\u00e9lio e prende a m\u00e3o na ratoeira. Rafael explica para Serena que Cristina acusou Jos\u00e9 Aristides para atingi-la. Os moradores da pens\u00e3o ouvem os gritos do falecido e descobrem que ele \u00e9 o ladr\u00e3o. Crispim chega tarde em casa ap\u00f3s ter levado Bernardo para conversar com Rafael. K\u00e1tia acha que Crispim estava na farra e o pro\u00edbe de dormir com ela. H\u00e9lio exige que o falecido pe\u00e7a desculpas a Ter\u00ea por t\u00ea-lo acusado. Serena garante a Rafael que nada acontecer\u00e1 com ela, pois \u00e9 inocente.  <\/p>\n<p>(*) edi\u00e7\u00e3o das novelas da Globo, &#8220;Alma G\u00eamea&#8221;, sujeito a altera\u00e7\u00e3o de data e conte\u00fado.<\/p>\n<p>Sinopse &#8220;Alma G\u00eamea&#8221;: Rafael e Luna casam-se e t\u00eam um filho, mas a felicidade \u00e9 invejada por Cristina. Em um passeio, Rafael reage a um assalto e um dos ladr\u00f5es, que \u00e9 conhecido de Cristina, atira. Luna morre. Enquanto Rafael se desespera com a perda de Luna, em um lugar bem distante dali, nasce a menina Serena, filha de uma \u00edndia com um garimpeiro. Ela cresce em uma aldeia ind\u00edgena e tem vis\u00f5es. <\/p>\n<p>Vinte anos se passam da morte de Luna. Serena consegue trabalho como empregada na mans\u00e3o de Rafael. Serena tem em seu corpo uma marca de nascen\u00e7a, no mesmo lugar em que Luna levou o tiro. A trama segue envolta em mist\u00e9rios e marcada por fatos inexplic\u00e1veis. Rafael passa a acreditar que Serena \u00e9 de fato a reencarna\u00e7\u00e3o de Luna, se apaixona por ela e a pede em casamento. Cristina e sua m\u00e3e D\u00e9bora percebem que Serena representa uma amea\u00e7a, e a novela segue com as duas tramando de tudo para separar os dois.<\/p>\n","protected":false},"excerpt":{"rendered":"<p>Resumo da novela &#8220;Alma G\u00eamea&#8221; em 20\/11: no cap\u00edtulo 147(*) da novela, Cristina v\u00ea sombras, e Guto a atormenta. Rafael busca Serena no hospital. Bernardo procura Rafael. Adelaide e Agnes convidam Sabina e H\u00e9lio para morarem com elas at\u00e9 que possam se mudar para o apartamento de Roberval. Ciro insiste com Agnes que a ama. [&hellip;]<\/p>\n","protected":false},"author":5,"featured_media":244165,"comment_status":"closed","ping_status":"closed","sticky":false,"template":"","format":"standard","meta":{"tdm_status":"","tdm_grid_status":"","footnotes":""},"categories":[2328,379,375,2025,343],"tags":[441],"class_list":{"0":"post-249552","1":"post","2":"type-post","3":"status-publish","4":"format-standard","5":"has-post-thumbnail","7":"category-alma-gemea","8":"category-novelas","9":"category-rede-globo","10":"category-resumo","11":"category-televisao","12":"tag-resumo-do-dia"},"_links":{"self":[{"href":"https:\/\/migracao.redenoticia.com.br\/noticia\/wp-json\/wp\/v2\/posts\/249552","targetHints":{"allow":["GET"]}}],"collection":[{"href":"https:\/\/migracao.redenoticia.com.br\/noticia\/wp-json\/wp\/v2\/posts"}],"about":[{"href":"https:\/\/migracao.redenoticia.com.br\/noticia\/wp-json\/wp\/v2\/types\/post"}],"author":[{"embeddable":true,"href":"https:\/\/migracao.redenoticia.com.br\/noticia\/wp-json\/wp\/v2\/users\/5"}],"replies":[{"embeddable":true,"href":"https:\/\/migracao.redenoticia.com.br\/noticia\/wp-json\/wp\/v2\/comments?post=249552"}],"version-history":[{"count":0,"href":"https:\/\/migracao.redenoticia.com.br\/noticia\/wp-json\/wp\/v2\/posts\/249552\/revisions"}],"wp:featuredmedia":[{"embeddable":true,"href":"https:\/\/migracao.redenoticia.com.br\/noticia\/wp-json\/wp\/v2\/media\/244165"}],"wp:attachment":[{"href":"https:\/\/migracao.redenoticia.com.br\/noticia\/wp-json\/wp\/v2\/media?parent=249552"}],"wp:term":[{"taxonomy":"category","embeddable":true,"href":"https:\/\/migracao.redenoticia.com.br\/noticia\/wp-json\/wp\/v2\/categories?post=249552"},{"taxonomy":"post_tag","embeddable":true,"href":"https:\/\/migracao.redenoticia.com.br\/noticia\/wp-json\/wp\/v2\/tags?post=249552"}],"curies":[{"name":"wp","href":"https:\/\/api.w.org\/{rel}","templated":true}]}}