{"id":249593,"date":"2024-11-20T11:59:25","date_gmt":"2024-11-20T14:59:25","guid":{"rendered":"https:\/\/www.redenoticia.com.br\/noticia\/?p=249593"},"modified":"2024-11-20T11:59:25","modified_gmt":"2024-11-20T14:59:25","slug":"resumo-alma-gemea-21-11-dalila-diz-a-rafael-que-tem-uma-denuncia-a-fazer","status":"publish","type":"post","link":"https:\/\/migracao.redenoticia.com.br\/noticia\/2024\/resumo-alma-gemea-21-11-dalila-diz-a-rafael-que-tem-uma-denuncia-a-fazer\/249593","title":{"rendered":"Resumo &#8220;Alma G\u00eamea&#8221; 21\/11: Dalila diz a Rafael que tem uma den\u00fancia a fazer"},"content":{"rendered":"<p> <img loading=\"lazy\" decoding=\"async\" src=\"https:\/\/migracao.redenoticia.com.br\/noticia\/imagens\/resumo-alma-gemea-logo-novela.jpg\" alt=\"\" width=\"1280\" height=\"720\" class=\"aligncenter size-full wp-image-244166\" srcset=\"https:\/\/migracao.redenoticia.com.br\/noticia\/imagens\/resumo-alma-gemea-logo-novela.jpg 1280w, https:\/\/migracao.redenoticia.com.br\/noticia\/imagens\/resumo-alma-gemea-logo-novela-250x140.jpg 250w, https:\/\/migracao.redenoticia.com.br\/noticia\/imagens\/resumo-alma-gemea-logo-novela-400x225.jpg 400w, https:\/\/migracao.redenoticia.com.br\/noticia\/imagens\/resumo-alma-gemea-logo-novela-768x432.jpg 768w, https:\/\/migracao.redenoticia.com.br\/noticia\/imagens\/resumo-alma-gemea-logo-novela-150x85.jpg 150w\" sizes=\"auto, (max-width: 1280px) 100vw, 1280px\" \/><\/p>\n<p><em><strong>Resumo da novela &#8220;Alma G\u00eamea&#8221;<\/strong><\/em> em 21\/11: no cap\u00edtulo 148(*) da novela, Of\u00e9lia confessa ao falecido que o ama, mas que s\u00f3 o aceitar\u00e1 de volta se ele pedir desculpas a Ter\u00ea e deixar de roubar. Ivan percebe que Ciro est\u00e1 seguindo-o. Ele faz com que Ciro o persiga at\u00e9 longe da cidade. Ivan atira nos pneus de Ciro para impedi-lo de voltar. Serena convence Jos\u00e9 Aristides a se entregar. Cristina chega \u00e0 casa da bruxa. Vit\u00f3rio aceita preparar o suposto jantar de noivado para Ol\u00edvia. O falecido pede desculpas a Ter\u00ea, que o perdoa. Eurico paquera Zulmira.Raul v\u00ea H\u00e9lio examinando os livros-caixa. Dalila e Roberval chegam \u00e0 casa de Rafael para ela contar a verdade sobre Ab\u00edlio. A bruxa diz a Cristina que s\u00f3 vender\u00e1 a po\u00e7\u00e3o se ela lhe trouxer muito dinheiro. O delegado pergunta a Jos\u00e9 Aristides se ele conhece muitos venenos e ele confessa que sim. O delegado decide prender Jos\u00e9 Aristides. <\/p>\n<p>Rafael garante a Serena que tirar\u00e1 Jos\u00e9 Aristides da cadeia. Raul repreende H\u00e9lio por se intrometer nas finan\u00e7as. Dalila diz a Rafael que tem uma den\u00fancia a fazer sobre Raul. Cristina procura Raul. Alexandra procura um m\u00e9dico que n\u00e3o seja Eduardo. Felipe pede ajuda a Santos. Cristina exige que Raul lhe d\u00ea bastante dinheiro, amea\u00e7ando contar tudo que sabe sobre ele para Rafael. Jorge conta para Jos\u00e9 Aristides que ele e os outros presos est\u00e3o pensando em fugir. Jos\u00e9 Aristides gosta da ideia. Dalila revela a Rafael que Raul adulterou os livros-caixa para faz\u00ea-lo demitir Ab\u00edlio. Rafael lembra que Raul foi indicado por Cristina e deduz que ambos estavam roubando seu dinheiro. Ele deixa claro para Dalila que vai denunci\u00e1-la se for preciso, deixando-a arrasada.  <\/p>\n<p>(*) edi\u00e7\u00e3o das novelas da Globo, &#8220;Alma G\u00eamea&#8221;, sujeito a altera\u00e7\u00e3o de data e conte\u00fado.<\/p>\n<p>Sinopse &#8220;Alma G\u00eamea&#8221;: Rafael e Luna casam-se e t\u00eam um filho, mas a felicidade \u00e9 invejada por Cristina. Em um passeio, Rafael reage a um assalto e um dos ladr\u00f5es, que \u00e9 conhecido de Cristina, atira. Luna morre. Enquanto Rafael se desespera com a perda de Luna, em um lugar bem distante dali, nasce a menina Serena, filha de uma \u00edndia com um garimpeiro. Ela cresce em uma aldeia ind\u00edgena e tem vis\u00f5es. <\/p>\n<p>Vinte anos se passam da morte de Luna. Serena consegue trabalho como empregada na mans\u00e3o de Rafael. Serena tem em seu corpo uma marca de nascen\u00e7a, no mesmo lugar em que Luna levou o tiro. A trama segue envolta em mist\u00e9rios e marcada por fatos inexplic\u00e1veis. Rafael passa a acreditar que Serena \u00e9 de fato a reencarna\u00e7\u00e3o de Luna, se apaixona por ela e a pede em casamento. Cristina e sua m\u00e3e D\u00e9bora percebem que Serena representa uma amea\u00e7a, e a novela segue com as duas tramando de tudo para separar os dois.<\/p>\n","protected":false},"excerpt":{"rendered":"<p>Resumo da novela &#8220;Alma G\u00eamea&#8221; em 21\/11: no cap\u00edtulo 148(*) da novela, Of\u00e9lia confessa ao falecido que o ama, mas que s\u00f3 o aceitar\u00e1 de volta se ele pedir desculpas a Ter\u00ea e deixar de roubar. Ivan percebe que Ciro est\u00e1 seguindo-o. Ele faz com que Ciro o persiga at\u00e9 longe da cidade. Ivan atira [&hellip;]<\/p>\n","protected":false},"author":5,"featured_media":244165,"comment_status":"closed","ping_status":"closed","sticky":false,"template":"","format":"standard","meta":{"tdm_status":"","tdm_grid_status":"","footnotes":""},"categories":[2328,379,375,2025,343],"tags":[441],"class_list":{"0":"post-249593","1":"post","2":"type-post","3":"status-publish","4":"format-standard","5":"has-post-thumbnail","7":"category-alma-gemea","8":"category-novelas","9":"category-rede-globo","10":"category-resumo","11":"category-televisao","12":"tag-resumo-do-dia"},"_links":{"self":[{"href":"https:\/\/migracao.redenoticia.com.br\/noticia\/wp-json\/wp\/v2\/posts\/249593","targetHints":{"allow":["GET"]}}],"collection":[{"href":"https:\/\/migracao.redenoticia.com.br\/noticia\/wp-json\/wp\/v2\/posts"}],"about":[{"href":"https:\/\/migracao.redenoticia.com.br\/noticia\/wp-json\/wp\/v2\/types\/post"}],"author":[{"embeddable":true,"href":"https:\/\/migracao.redenoticia.com.br\/noticia\/wp-json\/wp\/v2\/users\/5"}],"replies":[{"embeddable":true,"href":"https:\/\/migracao.redenoticia.com.br\/noticia\/wp-json\/wp\/v2\/comments?post=249593"}],"version-history":[{"count":0,"href":"https:\/\/migracao.redenoticia.com.br\/noticia\/wp-json\/wp\/v2\/posts\/249593\/revisions"}],"wp:featuredmedia":[{"embeddable":true,"href":"https:\/\/migracao.redenoticia.com.br\/noticia\/wp-json\/wp\/v2\/media\/244165"}],"wp:attachment":[{"href":"https:\/\/migracao.redenoticia.com.br\/noticia\/wp-json\/wp\/v2\/media?parent=249593"}],"wp:term":[{"taxonomy":"category","embeddable":true,"href":"https:\/\/migracao.redenoticia.com.br\/noticia\/wp-json\/wp\/v2\/categories?post=249593"},{"taxonomy":"post_tag","embeddable":true,"href":"https:\/\/migracao.redenoticia.com.br\/noticia\/wp-json\/wp\/v2\/tags?post=249593"}],"curies":[{"name":"wp","href":"https:\/\/api.w.org\/{rel}","templated":true}]}}