{"id":2497,"date":"2009-06-07T17:59:15","date_gmt":"2009-06-07T21:59:15","guid":{"rendered":"http:\/\/www.redenoticia.com.br\/noticia\/?p=2497"},"modified":"2009-06-07T17:59:15","modified_gmt":"2009-06-07T21:59:15","slug":"congresso-de-ji-parana-abordou-tecnologia-da-informacao-no-contexto-escolar","status":"publish","type":"post","link":"https:\/\/migracao.redenoticia.com.br\/noticia\/2009\/congresso-de-ji-parana-abordou-tecnologia-da-informacao-no-contexto-escolar\/2497","title":{"rendered":"Congresso de Ji-Paran\u00e1 abordou tecnologia da informa\u00e7\u00e3o no contexto escolar"},"content":{"rendered":"<p class=\"ecmsonormal\" style=\"margin: 0cm 0cm 0.0001pt; background: white none repeat scroll 0%; text-align: justify;\"><strong><\/strong><span style=\"font-size: 11pt; font-family: Arial;\">A abertura aconteceu na \u00faltima quinta-feira (04) pela manh\u00e3 no campus da Faculdade Panamericana de Ji-Paran\u00e1, regi\u00e3o central do Estado de Rond\u00f4nia. As 500 vagas oferecidas foram preenchidas por alunos, professores e profissionais das \u00e1reas de sistemas de informa\u00e7\u00e3o e inform\u00e1tica que puderam participar de palestras, oficinas, minissimp\u00f3sios e apresenta\u00e7\u00e3o de p\u00f4steres fizeram parte da programa\u00e7\u00e3o, durante os dois dias do congresso.<\/span><\/p>\n<p class=\"ecmsonormal\" style=\"margin: 0cm 0cm 0.0001pt; background: white none repeat scroll 0%; text-align: justify;\"><strong><span style=\"font-size: 11pt; font-family: Arial;\"> <\/span><\/strong><\/p>\n<p class=\"ecmsonormal\" style=\"margin: 0cm 0cm 0.0001pt; background: white none repeat scroll 0%; text-align: justify;\"><span style=\"font-size: 11pt; font-family: Arial;\">Durante o evento, o professor da Universidade Federal do Amazonas, Jackson Colares, em sua palestra abordou o tema do uso das tecnologias digitais no cotidiano e como as pessoas podem estar construindo estrat\u00e9gias para usar no processo de informa\u00e7\u00e3o. &#8220;As novas tecnologias elas est\u00e3o impostas, e a cada dia elas se integram dentro no nosso cotidiano e a gente usa a tecnologia at\u00e9 mesmo sem saber&#8221;, ressaltou questionando como \u00e9 que essas tecnologias entram nas pr\u00e1ticas di\u00e1rias, sobretudo na dos professores.<\/span><\/p>\n<p class=\"ecmsonormal\" style=\"margin: 0cm 0cm 0.0001pt; background: white none repeat scroll 0%; text-align: justify;\"><span style=\"font-size: 11pt; font-family: Arial;\"> <\/span><\/p>\n<p class=\"ecmsonormal\" style=\"margin: 0cm 0cm 0.0001pt; background: white none repeat scroll 0%; text-align: justify;\"><span style=\"font-size: 11pt; font-family: Arial;\">O diretor Executivo da UNIJIPA, Bas\u00edlio Leandro de Oliveira, destacou que o evento visou proporcionar aos alunos das diversas institui\u00e7\u00f5es e aos docentes tudo o que h\u00e1 de mais moderno em inclus\u00e3o digital e tecnologias em sala de aula. &#8220;Participando de um evento como este os educadores podem fazer uma reciclagem sobre como fazer uso da pr\u00e1tica di\u00e1ria do ato de ensinar&#8221;<\/span><\/p>\n<p class=\"ecmsonormal\" style=\"margin: 0cm 0cm 0.0001pt; background: white none repeat scroll 0%; text-align: justify;\"><span style=\"font-size: 11pt; font-family: Arial;\"> <\/span><\/p>\n<p class=\"ecmsonormal\" style=\"margin: 0cm 0cm 0.0001pt; background: white none repeat scroll 0%; text-align: justify;\"><span style=\"font-size: 11pt; font-family: Arial;\">Entre as discuss\u00f5es sobre tecnologias da informa\u00e7\u00e3o e comunica\u00e7\u00e3o dentro do contexto escolar, o evento focou projetos de inclus\u00e3o digital desenvolvidos em comunidades ind\u00edgenas da regi\u00e3o. O professor ind\u00edgena, Cacique Firmino Arara destaca a necessidade de estar &#8220;antenado&#8221; na realidade do mundo. &#8220;Os alunos v\u00e3o aprender, conhecer a realidade do mundo. Isso eu espero. Eu quero que os meus alunos aprendam a conhecer e saber como \u00e9 que funciona a tecnologia nova. Isso n\u00e3o impede a nossa cultura ind\u00edgena&#8221;, destaca.<\/span><\/p>\n<p class=\"ecmsonormal\" style=\"margin: 0cm 0cm 0.0001pt; background: white none repeat scroll 0%; text-align: justify;\"><span style=\"font-size: 11pt; font-family: Arial;\"> <\/span><\/p>\n<p class=\"ecmsonormal\" style=\"margin: 0cm 0cm 0.0001pt; background: white none repeat scroll 0%; text-align: justify;\"><span style=\"font-size: 11pt; font-family: Arial;\">Representantes dos Minist\u00e9rios da Educa\u00e7\u00e3o e Cultura e das Comunica\u00e7\u00f5es tamb\u00e9m participaram do evento. Acad\u00eamicos elogiam a iniciativa e aproveitam para melhorar seus curr\u00edculos escolares. Para o acad\u00eamico, Gleisson Pereira, \u00e9 uma oportunidade para o curr\u00edculo. &#8220;Submetendo os artigos a pesquisa cient\u00edfica como o meu que foi aprovado, j\u00e1 ajuda e torna-se uma bagagem para nosso futuro acad\u00eamico&#8221;, afirma. <\/span><\/p>\n<p class=\"ecmsonormal\" style=\"margin: 0cm 0cm 0.0001pt; background: white none repeat scroll 0%; text-align: justify;\"><span style=\"font-size: 11pt; font-family: Arial;\"> <\/span><\/p>\n<p class=\"ecmsonormal\" style=\"margin: 0cm 0cm 0.0001pt; background: white none repeat scroll 0%; text-align: justify;\"><span style=\"font-size: 11pt; font-family: Arial;\">O evento foi promovido pela <\/span><span style=\"font-size: 11pt; font-family: Arial;\">Universidade Federal de Rond\u00f4nia (Unir), em parceria com a Faculdade Panamericana de Ji-paran\u00e1 (Unijipa) e a Secretaria Municipal de Educa\u00e7\u00e3o (Semed) de Ji-Paran\u00e1.<\/span><\/p>\n<p class=\"ecmsonormal\" style=\"margin: 0cm 0cm 0.0001pt; background: white none repeat scroll 0%; text-align: justify;\"><span style=\"font-size: 11pt; font-family: Arial;\"> <\/span><\/p>\n<p class=\"ecmsonormal\" style=\"margin: 0cm 0cm 0.0001pt; background: white none repeat scroll 0%; text-align: justify;\"><em><span style=\"font-size: 11pt; font-family: Arial;\">*Colabora\u00e7\u00e3o: Karina Quadros<\/span><\/em><\/p>\n<p class=\"MsoNormal\" style=\"background: white none repeat scroll 0%;\"><span style=\"font-size: 11pt; font-family: Arial;\">Fonte: Assessoria<\/span><\/p>\n","protected":false},"excerpt":{"rendered":"<p>A abertura aconteceu na \u00faltima quinta-feira (04) pela manh\u00e3 no campus da Faculdade Panamericana de Ji-Paran\u00e1, regi\u00e3o central do Estado de Rond\u00f4nia. As 500 vagas oferecidas foram preenchidas por alunos, professores e profissionais das \u00e1reas de sistemas de informa\u00e7\u00e3o e inform\u00e1tica que puderam participar de palestras, oficinas, minissimp\u00f3sios e apresenta\u00e7\u00e3o de p\u00f4steres fizeram parte da [&hellip;]<\/p>\n","protected":false},"author":3,"featured_media":0,"comment_status":"open","ping_status":"open","sticky":false,"template":"","format":"standard","meta":{"tdm_status":"","tdm_grid_status":"","footnotes":""},"categories":[22],"tags":[],"class_list":{"0":"post-2497","1":"post","2":"type-post","3":"status-publish","4":"format-standard","6":"category-brasil"},"_links":{"self":[{"href":"https:\/\/migracao.redenoticia.com.br\/noticia\/wp-json\/wp\/v2\/posts\/2497","targetHints":{"allow":["GET"]}}],"collection":[{"href":"https:\/\/migracao.redenoticia.com.br\/noticia\/wp-json\/wp\/v2\/posts"}],"about":[{"href":"https:\/\/migracao.redenoticia.com.br\/noticia\/wp-json\/wp\/v2\/types\/post"}],"author":[{"embeddable":true,"href":"https:\/\/migracao.redenoticia.com.br\/noticia\/wp-json\/wp\/v2\/users\/3"}],"replies":[{"embeddable":true,"href":"https:\/\/migracao.redenoticia.com.br\/noticia\/wp-json\/wp\/v2\/comments?post=2497"}],"version-history":[{"count":0,"href":"https:\/\/migracao.redenoticia.com.br\/noticia\/wp-json\/wp\/v2\/posts\/2497\/revisions"}],"wp:attachment":[{"href":"https:\/\/migracao.redenoticia.com.br\/noticia\/wp-json\/wp\/v2\/media?parent=2497"}],"wp:term":[{"taxonomy":"category","embeddable":true,"href":"https:\/\/migracao.redenoticia.com.br\/noticia\/wp-json\/wp\/v2\/categories?post=2497"},{"taxonomy":"post_tag","embeddable":true,"href":"https:\/\/migracao.redenoticia.com.br\/noticia\/wp-json\/wp\/v2\/tags?post=2497"}],"curies":[{"name":"wp","href":"https:\/\/api.w.org\/{rel}","templated":true}]}}