{"id":249717,"date":"2024-11-25T14:02:20","date_gmt":"2024-11-25T17:02:20","guid":{"rendered":"https:\/\/www.redenoticia.com.br\/noticia\/?p=249717"},"modified":"2024-11-25T14:02:20","modified_gmt":"2024-11-25T17:02:20","slug":"resumo-meu-caminho-e-te-amar-26-11-daniela-acaba-com-as-esperancas-de-memo","status":"publish","type":"post","link":"https:\/\/migracao.redenoticia.com.br\/noticia\/2024\/resumo-meu-caminho-e-te-amar-26-11-daniela-acaba-com-as-esperancas-de-memo\/249717","title":{"rendered":"Resumo \u201cMeu Caminho \u00e9 Te Amar\u201d 26\/11: Daniela acaba com as esperan\u00e7as de Memo"},"content":{"rendered":"<p> <img loading=\"lazy\" decoding=\"async\" src=\"https:\/\/migracao.redenoticia.com.br\/noticia\/imagens\/meu-caminho-e-te-amar-resumo-capitulo-novela.jpg\" alt=\"\" width=\"1280\" height=\"720\" class=\"aligncenter size-full wp-image-248880\" srcset=\"https:\/\/migracao.redenoticia.com.br\/noticia\/imagens\/meu-caminho-e-te-amar-resumo-capitulo-novela.jpg 1280w, https:\/\/migracao.redenoticia.com.br\/noticia\/imagens\/meu-caminho-e-te-amar-resumo-capitulo-novela-250x140.jpg 250w, https:\/\/migracao.redenoticia.com.br\/noticia\/imagens\/meu-caminho-e-te-amar-resumo-capitulo-novela-400x225.jpg 400w, https:\/\/migracao.redenoticia.com.br\/noticia\/imagens\/meu-caminho-e-te-amar-resumo-capitulo-novela-768x432.jpg 768w, https:\/\/migracao.redenoticia.com.br\/noticia\/imagens\/meu-caminho-e-te-amar-resumo-capitulo-novela-150x85.jpg 150w\" sizes=\"auto, (max-width: 1280px) 100vw, 1280px\" \/><\/p>\n<p><strong><em>Resumo da novela \u201cMeu Caminho \u00e9 Te Amar\u201d<\/em><\/strong> em 26\/11: no cap\u00edtulo 022(*) da novela, Sebasti\u00e1n lamenta o que fez com Lupita e para reconquistar a confian\u00e7a dela tem um plano, por isso decide procur\u00e1-la. Memo entra no quarto de Isabella e pede que ela lute por sua vida. Ela tem um estranho sonho em que aparece sua av\u00f3 Martina. Karen surpreende Fausto em seu quarto, mas ele pede que ela v\u00e1 embora porque precisa ficar ao lado de Daniela e termina o relacionamento. A sa\u00fade de Isabella melhora ap\u00f3s ela acordar do coma, a felicidade invade Memo e Daniela a ponto de se beijarem. <\/p>\n<p>Fausto se surpreende com a decis\u00e3o da filha de ver primeiro Memo e n\u00e3o ele. Fausto pede a Daniela que continue lutando pelo casamento, mesmo que seus sentimentos por ele sejam contr\u00e1rios. Daniela concorda e acaba com as esperan\u00e7as de Memo. Mac\u00e1rio desencadeia a f\u00faria de \u00darsula ao revelar que Isabella \u00e9 filha de Memo, mas pede que ela pense nas coisas por causa do passado sombrio que ela tem. Os problemas de Karen assumem o controle e ela acaba comendo compulsivamente. Memo aparece na casa de Daniela e, apesar do acordo que fizeram para n\u00e3o conversarem sobre o que aconteceu entre eles, se deixam levar pela paix\u00e3o. <\/p>\n<p>(*) edi\u00e7\u00e3o das novelas do SBT, \u201cMeu Caminho \u00e9 Te Amar\u201d, sujeito a altera\u00e7\u00e3o de data e conte\u00fado.<\/p>\n<p>Sinopse: \u201cMeu Caminho \u00e9 Te Amar\u201d conta a hist\u00f3ria de Guillermo, que decide trabalhar com Daniela para ficar pr\u00f3ximo de Isabella, ao mesmo tempo em que confirma com um teste de DNA que \u00e9 pai dela. Gra\u00e7as \u00e0 conviv\u00eancia di\u00e1ria, Guillermo se torna confidente de Daniela e \u00e9 assim que descobre a solid\u00e3o que ela vivencia no casamento e que sua \u00fanica raz\u00e3o de estar na vida \u00e9 Isabella. <\/p>\n<p>Com o passar do tempo, Daniela e Guillermo come\u00e7am a se apaixonar, mas decidem guardar seus sentimentos para si para respeitar os compromissos com os parceiros. Ambos enfrentar\u00e3o uma jornada cheia de obst\u00e1culos, com a promessa de que um dia percorrer\u00e3o os caminhos do amor com Isabella.<\/p>\n","protected":false},"excerpt":{"rendered":"<p>Resumo da novela \u201cMeu Caminho \u00e9 Te Amar\u201d em 26\/11: no cap\u00edtulo 022(*) da novela, Sebasti\u00e1n lamenta o que fez com Lupita e para reconquistar a confian\u00e7a dela tem um plano, por isso decide procur\u00e1-la. Memo entra no quarto de Isabella e pede que ela lute por sua vida. Ela tem um estranho sonho em [&hellip;]<\/p>\n","protected":false},"author":3,"featured_media":248881,"comment_status":"closed","ping_status":"closed","sticky":false,"template":"","format":"standard","meta":{"tdm_status":"","tdm_grid_status":"","footnotes":""},"categories":[2335,379,2025,372,343],"tags":[441],"class_list":{"0":"post-249717","1":"post","2":"type-post","3":"status-publish","4":"format-standard","5":"has-post-thumbnail","7":"category-meu-caminho-e-te-amar","8":"category-novelas","9":"category-resumo","10":"category-sbt","11":"category-televisao","12":"tag-resumo-do-dia"},"_links":{"self":[{"href":"https:\/\/migracao.redenoticia.com.br\/noticia\/wp-json\/wp\/v2\/posts\/249717","targetHints":{"allow":["GET"]}}],"collection":[{"href":"https:\/\/migracao.redenoticia.com.br\/noticia\/wp-json\/wp\/v2\/posts"}],"about":[{"href":"https:\/\/migracao.redenoticia.com.br\/noticia\/wp-json\/wp\/v2\/types\/post"}],"author":[{"embeddable":true,"href":"https:\/\/migracao.redenoticia.com.br\/noticia\/wp-json\/wp\/v2\/users\/3"}],"replies":[{"embeddable":true,"href":"https:\/\/migracao.redenoticia.com.br\/noticia\/wp-json\/wp\/v2\/comments?post=249717"}],"version-history":[{"count":0,"href":"https:\/\/migracao.redenoticia.com.br\/noticia\/wp-json\/wp\/v2\/posts\/249717\/revisions"}],"wp:featuredmedia":[{"embeddable":true,"href":"https:\/\/migracao.redenoticia.com.br\/noticia\/wp-json\/wp\/v2\/media\/248881"}],"wp:attachment":[{"href":"https:\/\/migracao.redenoticia.com.br\/noticia\/wp-json\/wp\/v2\/media?parent=249717"}],"wp:term":[{"taxonomy":"category","embeddable":true,"href":"https:\/\/migracao.redenoticia.com.br\/noticia\/wp-json\/wp\/v2\/categories?post=249717"},{"taxonomy":"post_tag","embeddable":true,"href":"https:\/\/migracao.redenoticia.com.br\/noticia\/wp-json\/wp\/v2\/tags?post=249717"}],"curies":[{"name":"wp","href":"https:\/\/api.w.org\/{rel}","templated":true}]}}