{"id":249754,"date":"2024-11-26T12:41:00","date_gmt":"2024-11-26T15:41:00","guid":{"rendered":"https:\/\/www.redenoticia.com.br\/noticia\/?p=249754"},"modified":"2024-11-26T12:41:00","modified_gmt":"2024-11-26T15:41:00","slug":"resumo-garota-do-momento-27-11-raimundo-proibe-celeste-de-encontrar-genoca-edu","status":"publish","type":"post","link":"https:\/\/migracao.redenoticia.com.br\/noticia\/2024\/resumo-garota-do-momento-27-11-raimundo-proibe-celeste-de-encontrar-genoca-edu\/249754","title":{"rendered":"Resumo &#8220;Garota do Momento&#8221; 27\/11: Raimundo pro\u00edbe Celeste de encontrar Genoca\/Edu"},"content":{"rendered":"<p> <img loading=\"lazy\" decoding=\"async\" src=\"https:\/\/migracao.redenoticia.com.br\/noticia\/imagens\/resumo-garota-do-momento.jpg\" alt=\"\" width=\"1280\" height=\"720\" class=\"aligncenter size-full wp-image-248879\" srcset=\"https:\/\/migracao.redenoticia.com.br\/noticia\/imagens\/resumo-garota-do-momento.jpg 1280w, https:\/\/migracao.redenoticia.com.br\/noticia\/imagens\/resumo-garota-do-momento-250x140.jpg 250w, https:\/\/migracao.redenoticia.com.br\/noticia\/imagens\/resumo-garota-do-momento-400x225.jpg 400w, https:\/\/migracao.redenoticia.com.br\/noticia\/imagens\/resumo-garota-do-momento-768x432.jpg 768w, https:\/\/migracao.redenoticia.com.br\/noticia\/imagens\/resumo-garota-do-momento-150x85.jpg 150w\" sizes=\"auto, (max-width: 1280px) 100vw, 1280px\" \/><\/p>\n<p><strong><em>Resumo da novela &#8220;Garota do Momento&#8221;<\/em><\/strong> em 27\/11: no cap\u00edtulo 021(*) da novela, Bas\u00edlio diz a Beatriz que decidiu ficar no Rio e tentar a vida na capital. Juliano destrata Z\u00e9lia, que se revolta. Alfredo \u00e9 homenageado em seu programa de TV. Anita sonha com Alfredo. <\/p>\n<p>Raimundo pro\u00edbe Celeste de encontrar Genoca\/Edu, e Ronaldo afirma que ajudar\u00e1 a irm\u00e3. Teresa desmaia durante o programa, e Alfredo a ampara. Beto e Bas\u00edlio se estranham. Ana Maria desconfia da nova motocicleta de Carlito, mas aceita sua carona. Z\u00e9lia chantageia Juliano. Beto comenta com Ulisses que desconfia de Bas\u00edlio. Bas\u00edlio planeja se aproximar de Bia.    <\/p>\n<p>(*) edi\u00e7\u00e3o das novelas da Globo, &#8220;Garota do Momento&#8221;, sujeito a altera\u00e7\u00e3o de data e conte\u00fado.<\/p>\n<p>Sinopse \u201cGarota do Momento\u201d: Beatriz \u00e9 uma jovem que ensina crian\u00e7as no orfanato da av\u00f3 e cresceu acreditando que a m\u00e3e morreu. Um dia, ao ver uma foto da mesma em uma revista, decide mudar-se para o Rio de Janeiro atr\u00e1s do seu paradeiro. Por\u00e9m, ao reencontr\u00e1-la, n\u00e3o \u00e9 reconhecida pela m\u00e3e, e, pior ainda, acredita que ela a substituiu com uma nova filha, Bia, uma jovem mimada, autorit\u00e1ria e manipuladora. <\/p>\n<p>Beatriz coincidentemente se apaixona pelo namorado de Bia, o jornalista Beto. O amor entre Beatriz e Beto \u00e9 dificultado pela sa\u00fade fr\u00e1gil de Bia, que nasceu com comunica\u00e7\u00e3o interatrial e usa disso para manipular Beto e mant\u00ea-lo no relacionamento. Beatriz tamb\u00e9m enfrenta o preconceito da sociedade para se tornar garota-propaganda da Perfumaria Carioca, a empresa do marido de sua m\u00e3e.<\/p>\n","protected":false},"excerpt":{"rendered":"<p>Resumo da novela &#8220;Garota do Momento&#8221; em 27\/11: no cap\u00edtulo 021(*) da novela, Bas\u00edlio diz a Beatriz que decidiu ficar no Rio e tentar a vida na capital. Juliano destrata Z\u00e9lia, que se revolta. Alfredo \u00e9 homenageado em seu programa de TV. Anita sonha com Alfredo. Raimundo pro\u00edbe Celeste de encontrar Genoca\/Edu, e Ronaldo afirma [&hellip;]<\/p>\n","protected":false},"author":4,"featured_media":248878,"comment_status":"closed","ping_status":"closed","sticky":false,"template":"","format":"standard","meta":{"tdm_status":"","tdm_grid_status":"","footnotes":""},"categories":[2336,379,375,2025,343],"tags":[441],"class_list":{"0":"post-249754","1":"post","2":"type-post","3":"status-publish","4":"format-standard","5":"has-post-thumbnail","7":"category-garota-do-momento","8":"category-novelas","9":"category-rede-globo","10":"category-resumo","11":"category-televisao","12":"tag-resumo-do-dia"},"_links":{"self":[{"href":"https:\/\/migracao.redenoticia.com.br\/noticia\/wp-json\/wp\/v2\/posts\/249754","targetHints":{"allow":["GET"]}}],"collection":[{"href":"https:\/\/migracao.redenoticia.com.br\/noticia\/wp-json\/wp\/v2\/posts"}],"about":[{"href":"https:\/\/migracao.redenoticia.com.br\/noticia\/wp-json\/wp\/v2\/types\/post"}],"author":[{"embeddable":true,"href":"https:\/\/migracao.redenoticia.com.br\/noticia\/wp-json\/wp\/v2\/users\/4"}],"replies":[{"embeddable":true,"href":"https:\/\/migracao.redenoticia.com.br\/noticia\/wp-json\/wp\/v2\/comments?post=249754"}],"version-history":[{"count":0,"href":"https:\/\/migracao.redenoticia.com.br\/noticia\/wp-json\/wp\/v2\/posts\/249754\/revisions"}],"wp:featuredmedia":[{"embeddable":true,"href":"https:\/\/migracao.redenoticia.com.br\/noticia\/wp-json\/wp\/v2\/media\/248878"}],"wp:attachment":[{"href":"https:\/\/migracao.redenoticia.com.br\/noticia\/wp-json\/wp\/v2\/media?parent=249754"}],"wp:term":[{"taxonomy":"category","embeddable":true,"href":"https:\/\/migracao.redenoticia.com.br\/noticia\/wp-json\/wp\/v2\/categories?post=249754"},{"taxonomy":"post_tag","embeddable":true,"href":"https:\/\/migracao.redenoticia.com.br\/noticia\/wp-json\/wp\/v2\/tags?post=249754"}],"curies":[{"name":"wp","href":"https:\/\/api.w.org\/{rel}","templated":true}]}}