{"id":249788,"date":"2024-11-27T08:44:00","date_gmt":"2024-11-27T11:44:00","guid":{"rendered":"https:\/\/www.redenoticia.com.br\/noticia\/?p=249788"},"modified":"2024-11-27T08:44:00","modified_gmt":"2024-11-27T11:44:00","slug":"resumo-a-caverna-encantada-28-11-isadora-revela-que-a-caverna-pertence-a-familia-de-anna","status":"publish","type":"post","link":"https:\/\/migracao.redenoticia.com.br\/noticia\/2024\/resumo-a-caverna-encantada-28-11-isadora-revela-que-a-caverna-pertence-a-familia-de-anna\/249788","title":{"rendered":"Resumo \u201cA Caverna Encantada\u201d 28\/11: Isadora revela que a caverna pertence \u00e0 fam\u00edlia de Anna"},"content":{"rendered":"<p> <img loading=\"lazy\" decoding=\"async\" src=\"https:\/\/migracao.redenoticia.com.br\/noticia\/imagens\/a-caverna-encantada-resumo-novela.jpg\" alt=\"\" width=\"1280\" height=\"720\" class=\"aligncenter size-full wp-image-246126\" srcset=\"https:\/\/migracao.redenoticia.com.br\/noticia\/imagens\/a-caverna-encantada-resumo-novela.jpg 1280w, https:\/\/migracao.redenoticia.com.br\/noticia\/imagens\/a-caverna-encantada-resumo-novela-250x140.jpg 250w, https:\/\/migracao.redenoticia.com.br\/noticia\/imagens\/a-caverna-encantada-resumo-novela-400x225.jpg 400w, https:\/\/migracao.redenoticia.com.br\/noticia\/imagens\/a-caverna-encantada-resumo-novela-768x432.jpg 768w, https:\/\/migracao.redenoticia.com.br\/noticia\/imagens\/a-caverna-encantada-resumo-novela-150x85.jpg 150w\" sizes=\"auto, (max-width: 1280px) 100vw, 1280px\" \/> <\/p>\n<p><strong><em>Resumo da novela \u201cA Caverna Encantada\u201d<\/em><\/strong> em 28\/11: no cap\u00edtulo 089(*) da novela, Shirley e Wanda treinam Cristina e Betina como detetives. Jorginho fica triste pelos alunos n\u00e3o o levarem a s\u00e9rio. Felipe o consola. Elisa devolve o estetosc\u00f3pio de C\u00e9sar, eles conversam, e surge um clima de romance. Norma quer tornar Jorginho professor fixo do col\u00e9gio. Pedro apresenta a toca dos Lu\u00edses para Isadora e mostra a passagem secreta que leva at\u00e9 a caverna.<\/p>\n<p>Isadora revela a Pedro que a caverna pertence \u00e0 fam\u00edlia de Anna. Jorginho se despede do col\u00e9gio. Pedro descobre que as meninas entram na caverna por meio de outra passagem. Norma fica sabendo que Elisa tem um encontro com C\u00e9sar e faz tudo para que ela se atrase. Anna pede desculpa a Nina por ter se afastado. Ap\u00f3s finalizar os servi\u00e7os, Elisa \u00e9 trancada por Norma numa sala.  <\/p>\n<p>(*) edi\u00e7\u00e3o das novelas do SBT, \u201cA Caverna Encantada\u201d, sujeito a altera\u00e7\u00e3o de data e conte\u00fado.<\/p>\n<p>Sinopse \u201cA Caverna Encantada\u201d: A trama conta a hist\u00f3ria de Anna, uma menina de 7 anos, filha do m\u00e9dico e tamb\u00e9m mission\u00e1rio Paulo. O pai recebe um chamado para uma miss\u00e3o perigosa e, infelizmente, Anna n\u00e3o poder\u00e1 acompanh\u00e1-lo. Paulo deixa a filha Anna num col\u00e9gio interno no interior de S\u00e3o Paulo, onde a garota vai conviver com crian\u00e7as bem diferentes. O pai garante voltar no dia do anivers\u00e1rio da filha, mas misteriosamente, n\u00e3o retorna. Anna decide investigar os motivos sobre o sumi\u00e7o do pai e descobre algumas coisas interessantes sobre seu passado.<\/p>\n","protected":false},"excerpt":{"rendered":"<p>Resumo da novela \u201cA Caverna Encantada\u201d em 28\/11: no cap\u00edtulo 089(*) da novela, Shirley e Wanda treinam Cristina e Betina como detetives. Jorginho fica triste pelos alunos n\u00e3o o levarem a s\u00e9rio. Felipe o consola. Elisa devolve o estetosc\u00f3pio de C\u00e9sar, eles conversam, e surge um clima de romance. Norma quer tornar Jorginho professor fixo [&hellip;]<\/p>\n","protected":false},"author":4,"featured_media":246125,"comment_status":"closed","ping_status":"closed","sticky":false,"template":"","format":"standard","meta":{"tdm_status":"","tdm_grid_status":"","footnotes":""},"categories":[2331,379,2025,372,343],"tags":[441],"class_list":{"0":"post-249788","1":"post","2":"type-post","3":"status-publish","4":"format-standard","5":"has-post-thumbnail","7":"category-a-caverna-encantada","8":"category-novelas","9":"category-resumo","10":"category-sbt","11":"category-televisao","12":"tag-resumo-do-dia"},"_links":{"self":[{"href":"https:\/\/migracao.redenoticia.com.br\/noticia\/wp-json\/wp\/v2\/posts\/249788","targetHints":{"allow":["GET"]}}],"collection":[{"href":"https:\/\/migracao.redenoticia.com.br\/noticia\/wp-json\/wp\/v2\/posts"}],"about":[{"href":"https:\/\/migracao.redenoticia.com.br\/noticia\/wp-json\/wp\/v2\/types\/post"}],"author":[{"embeddable":true,"href":"https:\/\/migracao.redenoticia.com.br\/noticia\/wp-json\/wp\/v2\/users\/4"}],"replies":[{"embeddable":true,"href":"https:\/\/migracao.redenoticia.com.br\/noticia\/wp-json\/wp\/v2\/comments?post=249788"}],"version-history":[{"count":0,"href":"https:\/\/migracao.redenoticia.com.br\/noticia\/wp-json\/wp\/v2\/posts\/249788\/revisions"}],"wp:featuredmedia":[{"embeddable":true,"href":"https:\/\/migracao.redenoticia.com.br\/noticia\/wp-json\/wp\/v2\/media\/246125"}],"wp:attachment":[{"href":"https:\/\/migracao.redenoticia.com.br\/noticia\/wp-json\/wp\/v2\/media?parent=249788"}],"wp:term":[{"taxonomy":"category","embeddable":true,"href":"https:\/\/migracao.redenoticia.com.br\/noticia\/wp-json\/wp\/v2\/categories?post=249788"},{"taxonomy":"post_tag","embeddable":true,"href":"https:\/\/migracao.redenoticia.com.br\/noticia\/wp-json\/wp\/v2\/tags?post=249788"}],"curies":[{"name":"wp","href":"https:\/\/api.w.org\/{rel}","templated":true}]}}