{"id":249792,"date":"2024-11-27T08:46:44","date_gmt":"2024-11-27T11:46:44","guid":{"rendered":"https:\/\/www.redenoticia.com.br\/noticia\/?p=249792"},"modified":"2024-11-27T08:46:44","modified_gmt":"2024-11-27T11:46:44","slug":"resumo-alma-gemea-28-11-felipe-fica-decepcionado-com-rafael","status":"publish","type":"post","link":"https:\/\/migracao.redenoticia.com.br\/noticia\/2024\/resumo-alma-gemea-28-11-felipe-fica-decepcionado-com-rafael\/249792","title":{"rendered":"Resumo &#8220;Alma G\u00eamea&#8221; 28\/11: Felipe fica decepcionado com Rafael"},"content":{"rendered":"<p> <img loading=\"lazy\" decoding=\"async\" src=\"https:\/\/migracao.redenoticia.com.br\/noticia\/imagens\/resumo-alma-gemea-logo-novela.jpg\" alt=\"\" width=\"1280\" height=\"720\" class=\"aligncenter size-full wp-image-244166\" srcset=\"https:\/\/migracao.redenoticia.com.br\/noticia\/imagens\/resumo-alma-gemea-logo-novela.jpg 1280w, https:\/\/migracao.redenoticia.com.br\/noticia\/imagens\/resumo-alma-gemea-logo-novela-250x140.jpg 250w, https:\/\/migracao.redenoticia.com.br\/noticia\/imagens\/resumo-alma-gemea-logo-novela-400x225.jpg 400w, https:\/\/migracao.redenoticia.com.br\/noticia\/imagens\/resumo-alma-gemea-logo-novela-768x432.jpg 768w, https:\/\/migracao.redenoticia.com.br\/noticia\/imagens\/resumo-alma-gemea-logo-novela-150x85.jpg 150w\" sizes=\"auto, (max-width: 1280px) 100vw, 1280px\" \/><\/p>\n<p><em><strong>Resumo da novela &#8220;Alma G\u00eamea&#8221;<\/strong><\/em> em 28\/11: no cap\u00edtulo 153(*) da novela, Cristina combina com Ivan seq\u00fcestrar Serena e exigir as j\u00f3ias como resgate. Ivan concorda com o plano. Rafael desiste de prestar queixa contra Dalila. Cristina v\u00ea Rafael entrando na casa de Dalila e deduz que foi Roberval quem a seguiu at\u00e9 a casa da bruxa. Ela decide raptar a filha dele para obrig\u00e1-lo a ficar de boca fechada. Julian faz uma sess\u00e3o de regress\u00e3o com Serena para que ela descubra se poder\u00e1 se livrar de seu problema no cora\u00e7\u00e3o. Raul garante a Mirella que n\u00e3o roubou a empresa de Rafael, e pede que ela conven\u00e7a Felipe a fazer com que Rafael o perdoe. <\/p>\n<p>Serena v\u00ea Luna durante a regress\u00e3o. Luna explica para Serena que seu problema no cora\u00e7\u00e3o est\u00e1 ligado \u00e0 sua miss\u00e3o. Rafael diz a Felipe que n\u00e3o perdoar\u00e1 Raul, mas garante que Mirella ficar\u00e1 com ele assim mesmo se o amar de verdade. Felipe fica decepcionado com Rafael. Ol\u00edvia diz a Raul que ele deveria ter vergonha de usar Mirella daquela maneira. Vera desmaia. Julian explica para Rafael que Serena s\u00f3 se livrar\u00e1 do problema no cora\u00e7\u00e3o quando cumprir sua miss\u00e3o. Ivan mostra a Cristina uma casa que alugou num lugar remoto, para onde eles poder\u00e3o levar Serena depois do seq\u00fcestro.  <\/p>\n<p>(*) edi\u00e7\u00e3o das novelas da Globo, &#8220;Alma G\u00eamea&#8221;, sujeito a altera\u00e7\u00e3o de data e conte\u00fado.<\/p>\n<p>Sinopse &#8220;Alma G\u00eamea&#8221;: Rafael e Luna casam-se e t\u00eam um filho, mas a felicidade \u00e9 invejada por Cristina. Em um passeio, Rafael reage a um assalto e um dos ladr\u00f5es, que \u00e9 conhecido de Cristina, atira. Luna morre. Enquanto Rafael se desespera com a perda de Luna, em um lugar bem distante dali, nasce a menina Serena, filha de uma \u00edndia com um garimpeiro. Ela cresce em uma aldeia ind\u00edgena e tem vis\u00f5es. <\/p>\n<p>Vinte anos se passam da morte de Luna. Serena consegue trabalho como empregada na mans\u00e3o de Rafael. Serena tem em seu corpo uma marca de nascen\u00e7a, no mesmo lugar em que Luna levou o tiro. A trama segue envolta em mist\u00e9rios e marcada por fatos inexplic\u00e1veis. Rafael passa a acreditar que Serena \u00e9 de fato a reencarna\u00e7\u00e3o de Luna, se apaixona por ela e a pede em casamento. Cristina e sua m\u00e3e D\u00e9bora percebem que Serena representa uma amea\u00e7a, e a novela segue com as duas tramando de tudo para separar os dois.<\/p>\n","protected":false},"excerpt":{"rendered":"<p>Resumo da novela &#8220;Alma G\u00eamea&#8221; em 28\/11: no cap\u00edtulo 153(*) da novela, Cristina combina com Ivan seq\u00fcestrar Serena e exigir as j\u00f3ias como resgate. Ivan concorda com o plano. Rafael desiste de prestar queixa contra Dalila. Cristina v\u00ea Rafael entrando na casa de Dalila e deduz que foi Roberval quem a seguiu at\u00e9 a casa [&hellip;]<\/p>\n","protected":false},"author":5,"featured_media":244165,"comment_status":"closed","ping_status":"closed","sticky":false,"template":"","format":"standard","meta":{"tdm_status":"","tdm_grid_status":"","footnotes":""},"categories":[2328,379,375,2025,343],"tags":[441],"class_list":{"0":"post-249792","1":"post","2":"type-post","3":"status-publish","4":"format-standard","5":"has-post-thumbnail","7":"category-alma-gemea","8":"category-novelas","9":"category-rede-globo","10":"category-resumo","11":"category-televisao","12":"tag-resumo-do-dia"},"_links":{"self":[{"href":"https:\/\/migracao.redenoticia.com.br\/noticia\/wp-json\/wp\/v2\/posts\/249792","targetHints":{"allow":["GET"]}}],"collection":[{"href":"https:\/\/migracao.redenoticia.com.br\/noticia\/wp-json\/wp\/v2\/posts"}],"about":[{"href":"https:\/\/migracao.redenoticia.com.br\/noticia\/wp-json\/wp\/v2\/types\/post"}],"author":[{"embeddable":true,"href":"https:\/\/migracao.redenoticia.com.br\/noticia\/wp-json\/wp\/v2\/users\/5"}],"replies":[{"embeddable":true,"href":"https:\/\/migracao.redenoticia.com.br\/noticia\/wp-json\/wp\/v2\/comments?post=249792"}],"version-history":[{"count":0,"href":"https:\/\/migracao.redenoticia.com.br\/noticia\/wp-json\/wp\/v2\/posts\/249792\/revisions"}],"wp:featuredmedia":[{"embeddable":true,"href":"https:\/\/migracao.redenoticia.com.br\/noticia\/wp-json\/wp\/v2\/media\/244165"}],"wp:attachment":[{"href":"https:\/\/migracao.redenoticia.com.br\/noticia\/wp-json\/wp\/v2\/media?parent=249792"}],"wp:term":[{"taxonomy":"category","embeddable":true,"href":"https:\/\/migracao.redenoticia.com.br\/noticia\/wp-json\/wp\/v2\/categories?post=249792"},{"taxonomy":"post_tag","embeddable":true,"href":"https:\/\/migracao.redenoticia.com.br\/noticia\/wp-json\/wp\/v2\/tags?post=249792"}],"curies":[{"name":"wp","href":"https:\/\/api.w.org\/{rel}","templated":true}]}}