{"id":249796,"date":"2024-11-27T08:49:02","date_gmt":"2024-11-27T11:49:02","guid":{"rendered":"https:\/\/www.redenoticia.com.br\/noticia\/?p=249796"},"modified":"2024-11-27T08:49:02","modified_gmt":"2024-11-27T11:49:02","slug":"resumo-volta-por-cima-28-11-violeta-manda-sabotar-o-onibus-de-jayme","status":"publish","type":"post","link":"https:\/\/migracao.redenoticia.com.br\/noticia\/2024\/resumo-volta-por-cima-28-11-violeta-manda-sabotar-o-onibus-de-jayme\/249796","title":{"rendered":"Resumo &#8220;Volta Por Cima&#8221; 28\/11: Violeta manda sabotar o \u00f4nibus de Jayme"},"content":{"rendered":"<p> <img loading=\"lazy\" decoding=\"async\" src=\"https:\/\/migracao.redenoticia.com.br\/noticia\/imagens\/volta-por-cima-resumo-novela-elenco.jpg\" alt=\"\" width=\"1280\" height=\"720\" class=\"aligncenter size-full wp-image-247806\" srcset=\"https:\/\/migracao.redenoticia.com.br\/noticia\/imagens\/volta-por-cima-resumo-novela-elenco.jpg 1280w, https:\/\/migracao.redenoticia.com.br\/noticia\/imagens\/volta-por-cima-resumo-novela-elenco-250x140.jpg 250w, https:\/\/migracao.redenoticia.com.br\/noticia\/imagens\/volta-por-cima-resumo-novela-elenco-400x225.jpg 400w, https:\/\/migracao.redenoticia.com.br\/noticia\/imagens\/volta-por-cima-resumo-novela-elenco-768x432.jpg 768w, https:\/\/migracao.redenoticia.com.br\/noticia\/imagens\/volta-por-cima-resumo-novela-elenco-150x85.jpg 150w\" sizes=\"auto, (max-width: 1280px) 100vw, 1280px\" \/><\/p>\n<p><strong><em>Resumo da novela &#8220;Volta Por Cima&#8221;<\/em><\/strong> em 28\/11: no cap\u00edtulo 052(*) da novela, Cac\u00e1 desiste de contar sobre a gravidez para J\u00e3o. Violeta tem uma ideia para afastar Jayme de Osmar. Cac\u00e1 desabafa com Chico. Lucas conversa com Sidney sobre seu namoro com Cida. Belisa implora que Silvia n\u00e3o revele seu segredo. Rosana manda Rique espionar Nando e J\u00e3o. Gerson pensa se manter\u00e1 a alian\u00e7a com Violeta. <\/p>\n<p>Violeta manda um capanga sabotar o \u00f4nibus de Jayme. Edson sorteia os funcion\u00e1rios que ir\u00e3o ao evento em sua casa. Cida \u00e9 direcionada para dirigir o \u00f4nibus de Jayme, e Madalena pega carona com ela. <\/p>\n<p>(*) edi\u00e7\u00e3o das novelas da Globo, &#8220;Volta Por Cima&#8221;, sujeito a altera\u00e7\u00e3o de data e conte\u00fado.<\/p>\n<p>Sinopse &#8220;Volta Por Cima&#8221;: Mad\u00e1 (J\u00e9ssica Ellen) \u00e9 uma jovem costureira que ainda busca sua voca\u00e7\u00e3o na vida e vive com os pais, o condutor de \u00f4nibus da Via\u00e7\u00e3o Formosa, Lindomar (MV Bill) e a tamb\u00e9m costureira, Doralice (Tereza Seiblitz), junto da irm\u00e3 adolescente, Tati (Bia Santana), e o tio folgado, Osmar (Milhem Cortaz), na fict\u00edcia Vila Cambuc\u00e1, bairro suburbano do Rio de Janeiro. <\/p>\n<p>L\u00e1 tamb\u00e9m mora o fiscal de \u00f4nibus J\u00e3o (Fabr\u00edcio Boliveira), colega de trabalho de Lindomar. Ele foi criado sozinho pela m\u00e3e, Neuza (Valdineia Soriano) \u2013 que esconde a identidade do seu pai \u2013 e luta para mudar de vida, se formando em administra\u00e7\u00e3o. Mesmo tendo em comum a for\u00e7a de vontade para continuar batalhando em meio \u00e0s dificuldades, Mad\u00e1 e J\u00e3o n\u00e3o se bicam, e vivem em conflito, at\u00e9 que uma trag\u00e9dia muda suas vidas para sempre.<\/p>\n","protected":false},"excerpt":{"rendered":"<p>Resumo da novela &#8220;Volta Por Cima&#8221; em 28\/11: no cap\u00edtulo 052(*) da novela, Cac\u00e1 desiste de contar sobre a gravidez para J\u00e3o. Violeta tem uma ideia para afastar Jayme de Osmar. Cac\u00e1 desabafa com Chico. Lucas conversa com Sidney sobre seu namoro com Cida. Belisa implora que Silvia n\u00e3o revele seu segredo. Rosana manda Rique [&hellip;]<\/p>\n","protected":false},"author":3,"featured_media":247805,"comment_status":"closed","ping_status":"closed","sticky":false,"template":"","format":"standard","meta":{"tdm_status":"","tdm_grid_status":"","footnotes":""},"categories":[379,375,2025,343,2334],"tags":[441],"class_list":{"0":"post-249796","1":"post","2":"type-post","3":"status-publish","4":"format-standard","5":"has-post-thumbnail","7":"category-novelas","8":"category-rede-globo","9":"category-resumo","10":"category-televisao","11":"category-volta-por-cima","12":"tag-resumo-do-dia"},"_links":{"self":[{"href":"https:\/\/migracao.redenoticia.com.br\/noticia\/wp-json\/wp\/v2\/posts\/249796","targetHints":{"allow":["GET"]}}],"collection":[{"href":"https:\/\/migracao.redenoticia.com.br\/noticia\/wp-json\/wp\/v2\/posts"}],"about":[{"href":"https:\/\/migracao.redenoticia.com.br\/noticia\/wp-json\/wp\/v2\/types\/post"}],"author":[{"embeddable":true,"href":"https:\/\/migracao.redenoticia.com.br\/noticia\/wp-json\/wp\/v2\/users\/3"}],"replies":[{"embeddable":true,"href":"https:\/\/migracao.redenoticia.com.br\/noticia\/wp-json\/wp\/v2\/comments?post=249796"}],"version-history":[{"count":0,"href":"https:\/\/migracao.redenoticia.com.br\/noticia\/wp-json\/wp\/v2\/posts\/249796\/revisions"}],"wp:featuredmedia":[{"embeddable":true,"href":"https:\/\/migracao.redenoticia.com.br\/noticia\/wp-json\/wp\/v2\/media\/247805"}],"wp:attachment":[{"href":"https:\/\/migracao.redenoticia.com.br\/noticia\/wp-json\/wp\/v2\/media?parent=249796"}],"wp:term":[{"taxonomy":"category","embeddable":true,"href":"https:\/\/migracao.redenoticia.com.br\/noticia\/wp-json\/wp\/v2\/categories?post=249796"},{"taxonomy":"post_tag","embeddable":true,"href":"https:\/\/migracao.redenoticia.com.br\/noticia\/wp-json\/wp\/v2\/tags?post=249796"}],"curies":[{"name":"wp","href":"https:\/\/api.w.org\/{rel}","templated":true}]}}