{"id":249943,"date":"2024-12-02T14:43:52","date_gmt":"2024-12-02T17:43:52","guid":{"rendered":"https:\/\/www.redenoticia.com.br\/noticia\/?p=249943"},"modified":"2024-12-02T14:43:52","modified_gmt":"2024-12-02T17:43:52","slug":"resumo-mania-de-voce-03-12-mercia-resgata-o-pendrive","status":"publish","type":"post","link":"https:\/\/migracao.redenoticia.com.br\/noticia\/2024\/resumo-mania-de-voce-03-12-mercia-resgata-o-pendrive\/249943","title":{"rendered":"Resumo &#8220;Mania de Voc\u00ea&#8221; 03\/12: M\u00e9rcia resgata o pendrive"},"content":{"rendered":"<p> <img loading=\"lazy\" decoding=\"async\" src=\"https:\/\/migracao.redenoticia.com.br\/noticia\/imagens\/resumo-mania-de-voce-novela-globo.jpg\" alt=\"\" width=\"1280\" height=\"720\" class=\"aligncenter size-full wp-image-247027\" srcset=\"https:\/\/migracao.redenoticia.com.br\/noticia\/imagens\/resumo-mania-de-voce-novela-globo.jpg 1280w, https:\/\/migracao.redenoticia.com.br\/noticia\/imagens\/resumo-mania-de-voce-novela-globo-250x140.jpg 250w, https:\/\/migracao.redenoticia.com.br\/noticia\/imagens\/resumo-mania-de-voce-novela-globo-400x225.jpg 400w, https:\/\/migracao.redenoticia.com.br\/noticia\/imagens\/resumo-mania-de-voce-novela-globo-768x432.jpg 768w, https:\/\/migracao.redenoticia.com.br\/noticia\/imagens\/resumo-mania-de-voce-novela-globo-150x85.jpg 150w\" sizes=\"auto, (max-width: 1280px) 100vw, 1280px\" \/> <\/p>\n<p><strong><em>Resumo da novela &#8220;Mania de Voc\u00ea&#8221;<\/em><\/strong> em 03\/12: no cap\u00edtulo 074(*) da novela, Luma decide ir ao Rio de Janeiro para ajudar Rud\u00e1. Rud\u00e1 insite em acompanh\u00e1-la, deixando Viola preocupada. M\u00e9rcia descobre o plano de Luma e decide agir. Luma tenta motivar a equipe do restaurante e promete resolver a quest\u00e3o da desapropria\u00e7\u00e3o na comunidade. Wagner tenta convencer Dhu a namorar com ele. Daniel enfrenta Mavi sobre a constru\u00e7\u00e3o de uma estrada que amea\u00e7a a comunidade.<\/p>\n<p>M\u00e9rcia resgata o pendrive e se esconde de Rud\u00e1 e Luma. Moema diz que s\u00f3 ir\u00e1 comemorar quando a grava\u00e7\u00e3o estiver na m\u00e3o da pol\u00edcia. Volney leva Hugo para casa. Berta e Tom\u00e1s flagram Evelyn dizendo que Marlete n\u00e3o \u00e9 sua m\u00e3e. Berta sugere que Tom\u00e1s e Evelyn n\u00e3o se casem, deixando Leidi preocupada. Rud\u00e1 agradece a Luma. Moema desconfia do conte\u00fado do pendrive, e Rud\u00e1 se desespera.<\/p>\n<p>Rud\u00e1 defende Luma das acusa\u00e7\u00f5es de Moema e Viola. Viola surpreende Luma, que fica perplexa ao saber por ela que o pendrive que deu a Rud\u00e1 estava vazio. Luma descobre que foi M\u00e9rcia quem trocou o pendrive. Dhu estranha o comportamento de Lorena com Edmilson. Evelyn pede desculpas a Marlete na frente de Berta. Luma briga com M\u00e9rcia. Mavi escuta a discuss\u00e3o entre Luma e M\u00e9rcia e descobre que a m\u00e3e est\u00e1 com o verdadeiro pendrive. <\/p>\n<p>(*) edi\u00e7\u00e3o das novelas da Globo, &#8220;Mania de Voc\u00ea&#8221;, sujeito a altera\u00e7\u00e3o de data e conte\u00fado.<\/p>\n<p>Sinopse &#8220;Mania de Voc\u00ea&#8221;: Viola (Gabz) e Luma (Agatha Moreira), duas mulheres que nasceram no mesmo dia e se conhecem anos mais tarde, unidas por coincid\u00eancias que v\u00e3o al\u00e9m da data de anivers\u00e1rio. Uma jornada que as inclui num quarteto amoroso com Mavi (Chay Suede) e Rud\u00e1 (Nicolas Prattes) e que ser\u00e1 dividida entre a cumplicidade e a rivalidade, impactada por uma s\u00e9rie de circunst\u00e2ncias, como o segredo em torno de um assassinato. Como pano de fundo, o universo da gastronomia e o cen\u00e1rio da natureza paradis\u00edaca de Angra dos Reis.<\/p>\n<p>Na segunda fase de &#8220;Mania de Voc\u00ea&#8221;, que se passa 10 anos ap\u00f3s o assassinato de Molina (Rodrigo Lombardi), novos personagens aparecem na trama criada e escrita por Jo\u00e3o Emanuel Carneiro, com dire\u00e7\u00e3o art\u00edstica de Carlos Araujo. \u00c9 o caso da fam\u00edlia de Leidi (Thalita Carauta), que surge nos primeiros cap\u00edtulos da novela, mas retorna ao lado da fam\u00edlia na segunda fase, transformando a luxuosa rotina de \u00cdsis (Mariana Ximenes) em um pesadelo c\u00f4mico. <\/p>\n","protected":false},"excerpt":{"rendered":"<p>Resumo da novela &#8220;Mania de Voc\u00ea&#8221; em 03\/12: no cap\u00edtulo 074(*) da novela, Luma decide ir ao Rio de Janeiro para ajudar Rud\u00e1. Rud\u00e1 insite em acompanh\u00e1-la, deixando Viola preocupada. M\u00e9rcia descobre o plano de Luma e decide agir. Luma tenta motivar a equipe do restaurante e promete resolver a quest\u00e3o da desapropria\u00e7\u00e3o na comunidade. [&hellip;]<\/p>\n","protected":false},"author":2,"featured_media":247026,"comment_status":"closed","ping_status":"closed","sticky":false,"template":"","format":"standard","meta":{"tdm_status":"","tdm_grid_status":"","footnotes":""},"categories":[2333,379,375,2025,343],"tags":[441],"class_list":{"0":"post-249943","1":"post","2":"type-post","3":"status-publish","4":"format-standard","5":"has-post-thumbnail","7":"category-mania-de-voce","8":"category-novelas","9":"category-rede-globo","10":"category-resumo","11":"category-televisao","12":"tag-resumo-do-dia"},"_links":{"self":[{"href":"https:\/\/migracao.redenoticia.com.br\/noticia\/wp-json\/wp\/v2\/posts\/249943","targetHints":{"allow":["GET"]}}],"collection":[{"href":"https:\/\/migracao.redenoticia.com.br\/noticia\/wp-json\/wp\/v2\/posts"}],"about":[{"href":"https:\/\/migracao.redenoticia.com.br\/noticia\/wp-json\/wp\/v2\/types\/post"}],"author":[{"embeddable":true,"href":"https:\/\/migracao.redenoticia.com.br\/noticia\/wp-json\/wp\/v2\/users\/2"}],"replies":[{"embeddable":true,"href":"https:\/\/migracao.redenoticia.com.br\/noticia\/wp-json\/wp\/v2\/comments?post=249943"}],"version-history":[{"count":0,"href":"https:\/\/migracao.redenoticia.com.br\/noticia\/wp-json\/wp\/v2\/posts\/249943\/revisions"}],"wp:featuredmedia":[{"embeddable":true,"href":"https:\/\/migracao.redenoticia.com.br\/noticia\/wp-json\/wp\/v2\/media\/247026"}],"wp:attachment":[{"href":"https:\/\/migracao.redenoticia.com.br\/noticia\/wp-json\/wp\/v2\/media?parent=249943"}],"wp:term":[{"taxonomy":"category","embeddable":true,"href":"https:\/\/migracao.redenoticia.com.br\/noticia\/wp-json\/wp\/v2\/categories?post=249943"},{"taxonomy":"post_tag","embeddable":true,"href":"https:\/\/migracao.redenoticia.com.br\/noticia\/wp-json\/wp\/v2\/tags?post=249943"}],"curies":[{"name":"wp","href":"https:\/\/api.w.org\/{rel}","templated":true}]}}