{"id":249945,"date":"2024-12-02T14:33:13","date_gmt":"2024-12-02T17:33:13","guid":{"rendered":"https:\/\/www.redenoticia.com.br\/noticia\/?p=249945"},"modified":"2024-12-02T14:33:13","modified_gmt":"2024-12-02T17:33:13","slug":"resumo-meu-caminho-e-te-amar-03-12-daniela-teme-o-que-sente-por-memo","status":"publish","type":"post","link":"https:\/\/migracao.redenoticia.com.br\/noticia\/2024\/resumo-meu-caminho-e-te-amar-03-12-daniela-teme-o-que-sente-por-memo\/249945","title":{"rendered":"Resumo \u201cMeu Caminho \u00e9 Te Amar\u201d 03\/12: Daniela teme o que sente por Memo"},"content":{"rendered":"<p> <img loading=\"lazy\" decoding=\"async\" src=\"https:\/\/migracao.redenoticia.com.br\/noticia\/imagens\/meu-caminho-e-te-amar-resumo-capitulo-novela.jpg\" alt=\"\" width=\"1280\" height=\"720\" class=\"aligncenter size-full wp-image-248880\" srcset=\"https:\/\/migracao.redenoticia.com.br\/noticia\/imagens\/meu-caminho-e-te-amar-resumo-capitulo-novela.jpg 1280w, https:\/\/migracao.redenoticia.com.br\/noticia\/imagens\/meu-caminho-e-te-amar-resumo-capitulo-novela-250x140.jpg 250w, https:\/\/migracao.redenoticia.com.br\/noticia\/imagens\/meu-caminho-e-te-amar-resumo-capitulo-novela-400x225.jpg 400w, https:\/\/migracao.redenoticia.com.br\/noticia\/imagens\/meu-caminho-e-te-amar-resumo-capitulo-novela-768x432.jpg 768w, https:\/\/migracao.redenoticia.com.br\/noticia\/imagens\/meu-caminho-e-te-amar-resumo-capitulo-novela-150x85.jpg 150w\" sizes=\"auto, (max-width: 1280px) 100vw, 1280px\" \/><\/p>\n<p><strong><em>Resumo da novela \u201cMeu Caminho \u00e9 Te Amar\u201d<\/em><\/strong> em 03\/12: no cap\u00edtulo 027(*) da novela, Memo evita uma discuss\u00e3o com Karen e deixa claro para ela que n\u00e3o ser\u00e1 ele quem abrir\u00e1 caminho para ela com Fausto. \u00darsula planeja subornar um m\u00e9dico para ajud\u00e1-la a inventar a gravidez e assim manter o Memo. Amparo rejeita a ideia de Fausto de vender as terras de sua fam\u00edlia. Daniela anuncia a Memo que Isabella desapareceu. Memo descobre que Isabella est\u00e1 ao lado de Chema. Memo leva Isabella para sua casa e provoca a f\u00faria de Fausto.21 <\/p>\n<p>Fausto reclama com Daniela do tratamento que ela faz com Memo e ele questiona se ela gosta dele. Karen pede a Daniela que considere seu relacionamento com Memo, ela se op\u00f5e por causa de sua fam\u00edlia com Fausto. Daniela teme o que sente por Memo, mas n\u00e3o est\u00e1 preparada para um novo relacionamento. Daniela prefere terminar o relacionamento com Memo antes que seus sentimentos a exponham. Apesar da insist\u00eancia de Memo, ela prefere ir embora.<\/p>\n<p>(*) edi\u00e7\u00e3o das novelas do SBT, \u201cMeu Caminho \u00e9 Te Amar\u201d, sujeito a altera\u00e7\u00e3o de data e conte\u00fado.<\/p>\n<p>Sinopse: \u201cMeu Caminho \u00e9 Te Amar\u201d conta a hist\u00f3ria de Guillermo, que decide trabalhar com Daniela para ficar pr\u00f3ximo de Isabella, ao mesmo tempo em que confirma com um teste de DNA que \u00e9 pai dela. Gra\u00e7as \u00e0 conviv\u00eancia di\u00e1ria, Guillermo se torna confidente de Daniela e \u00e9 assim que descobre a solid\u00e3o que ela vivencia no casamento e que sua \u00fanica raz\u00e3o de estar na vida \u00e9 Isabella. <\/p>\n<p>Com o passar do tempo, Daniela e Guillermo come\u00e7am a se apaixonar, mas decidem guardar seus sentimentos para si para respeitar os compromissos com os parceiros. Ambos enfrentar\u00e3o uma jornada cheia de obst\u00e1culos, com a promessa de que um dia percorrer\u00e3o os caminhos do amor com Isabella. <\/p>\n","protected":false},"excerpt":{"rendered":"<p>Resumo da novela \u201cMeu Caminho \u00e9 Te Amar\u201d em 03\/12: no cap\u00edtulo 027(*) da novela, Memo evita uma discuss\u00e3o com Karen e deixa claro para ela que n\u00e3o ser\u00e1 ele quem abrir\u00e1 caminho para ela com Fausto. \u00darsula planeja subornar um m\u00e9dico para ajud\u00e1-la a inventar a gravidez e assim manter o Memo. Amparo rejeita [&hellip;]<\/p>\n","protected":false},"author":3,"featured_media":248881,"comment_status":"closed","ping_status":"closed","sticky":false,"template":"","format":"standard","meta":{"tdm_status":"","tdm_grid_status":"","footnotes":""},"categories":[2335,379,2025,372,343],"tags":[441],"class_list":{"0":"post-249945","1":"post","2":"type-post","3":"status-publish","4":"format-standard","5":"has-post-thumbnail","7":"category-meu-caminho-e-te-amar","8":"category-novelas","9":"category-resumo","10":"category-sbt","11":"category-televisao","12":"tag-resumo-do-dia"},"_links":{"self":[{"href":"https:\/\/migracao.redenoticia.com.br\/noticia\/wp-json\/wp\/v2\/posts\/249945","targetHints":{"allow":["GET"]}}],"collection":[{"href":"https:\/\/migracao.redenoticia.com.br\/noticia\/wp-json\/wp\/v2\/posts"}],"about":[{"href":"https:\/\/migracao.redenoticia.com.br\/noticia\/wp-json\/wp\/v2\/types\/post"}],"author":[{"embeddable":true,"href":"https:\/\/migracao.redenoticia.com.br\/noticia\/wp-json\/wp\/v2\/users\/3"}],"replies":[{"embeddable":true,"href":"https:\/\/migracao.redenoticia.com.br\/noticia\/wp-json\/wp\/v2\/comments?post=249945"}],"version-history":[{"count":0,"href":"https:\/\/migracao.redenoticia.com.br\/noticia\/wp-json\/wp\/v2\/posts\/249945\/revisions"}],"wp:featuredmedia":[{"embeddable":true,"href":"https:\/\/migracao.redenoticia.com.br\/noticia\/wp-json\/wp\/v2\/media\/248881"}],"wp:attachment":[{"href":"https:\/\/migracao.redenoticia.com.br\/noticia\/wp-json\/wp\/v2\/media?parent=249945"}],"wp:term":[{"taxonomy":"category","embeddable":true,"href":"https:\/\/migracao.redenoticia.com.br\/noticia\/wp-json\/wp\/v2\/categories?post=249945"},{"taxonomy":"post_tag","embeddable":true,"href":"https:\/\/migracao.redenoticia.com.br\/noticia\/wp-json\/wp\/v2\/tags?post=249945"}],"curies":[{"name":"wp","href":"https:\/\/api.w.org\/{rel}","templated":true}]}}