{"id":25125,"date":"2010-03-27T14:09:40","date_gmt":"2010-03-27T18:09:40","guid":{"rendered":"http:\/\/www.redenoticia.com.br\/noticia\/?p=25125"},"modified":"2018-08-13T10:48:49","modified_gmt":"2018-08-13T13:48:49","slug":"votacao-para-dicesar-ou-dourado-nas-enquetes-bbb-10-esta-acirrada","status":"publish","type":"post","link":"https:\/\/migracao.redenoticia.com.br\/noticia\/2010\/votacao-para-dicesar-ou-dourado-nas-enquetes-bbb-10-esta-acirrada\/25125","title":{"rendered":"Vota\u00e7\u00e3o para Dicesar ou Dourado nas enquetes BBB 10 est\u00e1 acirrada"},"content":{"rendered":"<p><img loading=\"lazy\" decoding=\"async\" class=\"alignleft size-full wp-image-22134\" title=\"BBB 10 Rede Globo\" src=\"https:\/\/migracao.redenoticia.com.br\/noticia\/imagens\/BBB-10-Rede-Globo.jpg\" alt=\"\" width=\"300\" height=\"193\" srcset=\"https:\/\/migracao.redenoticia.com.br\/noticia\/imagens\/BBB-10-Rede-Globo.jpg 300w, https:\/\/migracao.redenoticia.com.br\/noticia\/imagens\/BBB-10-Rede-Globo-250x161.jpg 250w, https:\/\/migracao.redenoticia.com.br\/noticia\/imagens\/BBB-10-Rede-Globo-150x97.jpg 150w\" sizes=\"auto, (max-width: 300px) 100vw, 300px\" \/>BBB 10 \u2013 Desde sexta-feira (26\/03), quando foi formado o pen\u00faltimo pared\u00e3o entre Dicesar e Dourado, <strong><em>ao vivo<\/em><\/strong> no <strong><em>BBB 10<\/em><\/strong> pela Rede <strong><em>Globo<\/em><\/strong>, e aberta a <strong><em>vota\u00e7\u00e3o<\/em><\/strong> para elimina\u00e7\u00e3o de um deles, a disputa est\u00e1 acirrada segundo as enquetes dos grandes portais. Dourado e Dicesar est\u00e3o sendo votados pelo p\u00fablico BBB 10 e, neste s\u00e1bado, \u00e0s 13h36 na <a href=\"http:\/\/televisao.uol.com.br\/bbb\/bbb10\/enquetes\/enquete_fotos.jhtm?id=8124#r\" target=\"_blank\">enquete <strong><em>UOL<\/em><\/strong><\/a> , os dois estavam praticamente empatados. Com 945.878 votos, 50,62% preferiam a elimina\u00e7\u00e3o de Dicesar \u00a0e 49,38% optaram por Dourado. Na <a href=\"http:\/\/enquete.ig.com.br\/enquete_cache\/5301-5400\/5347.html\" target=\"_blank\">enquete IG Babado<\/a> a diferen\u00e7a estava um pouco maior. Com 161.329 votos \u00e0s 13h39, 57% preferiam a elimina\u00e7\u00e3o de Dicesar contra 43% para Dourado.<\/p>\n<p>A vota\u00e7\u00e3o oficial para eliminar Dourado ou Dicesar continua no endere\u00e7o da Globo BBB 10 (<a href=\"http:\/\/bbb.globo.com\/BBB10\/Paredao\/Votacao\/0,,17411-p-2849,00.html\" target=\"_blank\">Clique Aqui<\/a>) at\u00e9 o programa BBB 10 da noite deste s\u00e1bado, quando deve ser definido ao vivo um novo l\u00edder, formado um novo pared\u00e3o e nova vota\u00e7\u00e3o.<\/p>\n<p>Neste s\u00e1bado, tens\u00e3o toma conta da casa BBB 10. Pela madrugada Fernanda falou novamente com o trio Cadu, Lia e Dourado para explicar a indica\u00e7\u00e3o de Dicesar, mas foi tratada com indiferen\u00e7a. Dicesar acordou com sorte no BBB 10 e, em uma disputa com Dourado, faturou um valioso carro. No almo\u00e7o baiano oferecido pela Rede Globo BBB 10, n\u00e3o houve muita conversa entre os finalistas, at\u00e9 que Dicesar e Fernanda se retiraram.<\/p>\n<p>BBB 10 \u2013 Vota\u00e7\u00e3o<\/p>\n","protected":false},"excerpt":{"rendered":"<p>BBB 10 \u2013 Desde sexta-feira (26\/03), quando foi formado o pen\u00faltimo pared\u00e3o entre Dicesar e Dourado, ao vivo no BBB 10 pela Rede Globo, e aberta a vota\u00e7\u00e3o para elimina\u00e7\u00e3o de um deles, a disputa est\u00e1 acirrada segundo as enquetes dos grandes portais. Dourado e Dicesar est\u00e3o sendo votados pelo p\u00fablico BBB 10 e, neste [&hellip;]<\/p>\n","protected":false},"author":3,"featured_media":22134,"comment_status":"open","ping_status":"open","sticky":false,"template":"","format":"standard","meta":{"tdm_status":"","tdm_grid_status":"","footnotes":""},"categories":[520,22,375,343],"tags":[],"class_list":{"0":"post-25125","1":"post","2":"type-post","3":"status-publish","4":"format-standard","5":"has-post-thumbnail","7":"category-big-brother-brasil","8":"category-brasil","9":"category-rede-globo","10":"category-televisao"},"_links":{"self":[{"href":"https:\/\/migracao.redenoticia.com.br\/noticia\/wp-json\/wp\/v2\/posts\/25125","targetHints":{"allow":["GET"]}}],"collection":[{"href":"https:\/\/migracao.redenoticia.com.br\/noticia\/wp-json\/wp\/v2\/posts"}],"about":[{"href":"https:\/\/migracao.redenoticia.com.br\/noticia\/wp-json\/wp\/v2\/types\/post"}],"author":[{"embeddable":true,"href":"https:\/\/migracao.redenoticia.com.br\/noticia\/wp-json\/wp\/v2\/users\/3"}],"replies":[{"embeddable":true,"href":"https:\/\/migracao.redenoticia.com.br\/noticia\/wp-json\/wp\/v2\/comments?post=25125"}],"version-history":[{"count":0,"href":"https:\/\/migracao.redenoticia.com.br\/noticia\/wp-json\/wp\/v2\/posts\/25125\/revisions"}],"wp:featuredmedia":[{"embeddable":true,"href":"https:\/\/migracao.redenoticia.com.br\/noticia\/wp-json\/wp\/v2\/media\/22134"}],"wp:attachment":[{"href":"https:\/\/migracao.redenoticia.com.br\/noticia\/wp-json\/wp\/v2\/media?parent=25125"}],"wp:term":[{"taxonomy":"category","embeddable":true,"href":"https:\/\/migracao.redenoticia.com.br\/noticia\/wp-json\/wp\/v2\/categories?post=25125"},{"taxonomy":"post_tag","embeddable":true,"href":"https:\/\/migracao.redenoticia.com.br\/noticia\/wp-json\/wp\/v2\/tags?post=25125"}],"curies":[{"name":"wp","href":"https:\/\/api.w.org\/{rel}","templated":true}]}}