{"id":25143,"date":"2010-03-27T19:49:54","date_gmt":"2010-03-27T23:49:54","guid":{"rendered":"http:\/\/www.redenoticia.com.br\/noticia\/?p=25143"},"modified":"2012-04-02T15:42:44","modified_gmt":"2012-04-02T18:42:44","slug":"a-historia-de-ester-resumo-do-penultimo-capitulo","status":"publish","type":"post","link":"https:\/\/migracao.redenoticia.com.br\/noticia\/2010\/a-historia-de-ester-resumo-do-penultimo-capitulo\/25143","title":{"rendered":"A Hist\u00f3ria de Ester \u2013 resumo do pen\u00faltimo cap\u00edtulo"},"content":{"rendered":"<p><strong><em><img loading=\"lazy\" decoding=\"async\" class=\"alignleft size-full wp-image-25144\" title=\"a historia de ester\" src=\"https:\/\/migracao.redenoticia.com.br\/noticia\/imagens\/a-historia-de-ester.jpg\" alt=\"\" width=\"300\" height=\"193\" srcset=\"https:\/\/migracao.redenoticia.com.br\/noticia\/imagens\/a-historia-de-ester.jpg 300w, https:\/\/migracao.redenoticia.com.br\/noticia\/imagens\/a-historia-de-ester-250x160.jpg 250w, https:\/\/migracao.redenoticia.com.br\/noticia\/imagens\/a-historia-de-ester-150x96.jpg 150w\" sizes=\"auto, (max-width: 300px) 100vw, 300px\" \/>A Hist\u00f3ria de Ester<\/em><\/strong> \u2013 nesta ter\u00e7a-feira, 30\/03, no cap\u00edtulo 9 de A Hist\u00f3ria de Ester, a Guarda d\u00e1 ordens para prenderem Ester, pois ningu\u00e9m pode entrar na sala do rei sem ser chamado. Assuero manda os guardas se afastarem de Ester e levanta seu cetro pra ela. Ester convida Assuero para ir ao banquete que vai preparar no jardim real. Aridai, Harbona, Ham\u00e3, Dalfom e outros conselheiros ficam pasmos por Ester ter arriscado a vida pra fazer um convite ao rei. Ester conta a Hegai e Quinl\u00e1 que ainda n\u00e3o revelou a Assuero que \u00e9 judia, pois quer entender como Ham\u00e3 age. Zeres diz a Ham\u00e3 que sente que algo muito grave est\u00e1 para acontecer. Simion conta a Mordecai, Joel, Rebecca e Ana que Assuero estendeu seu cetro salvando a vida de Ester.<\/p>\n<p>Mordecai afirma que ainda n\u00e3o era o momento de Ester revelar sua origem e que ela tem que ser cautelosa. Joel fala pra Ana que n\u00e3o \u00e9 pai de ningu\u00e9m. Ela fica arrasada com a atitude do pai. Assuero confessa a Harbona que mal pode esperar pelo banquete. Hegai d\u00e1 os \u00faltimos retoques na decora\u00e7\u00e3o do jardim. Ester fala pra Quinl\u00e1 que seu maior medo \u00e9 Ham\u00e3 tentar virar o rei contra ela. Ester chega ao banquete deslumbrante. Assuero pede que Ester fa\u00e7a seu pedido o quanto antes, mas ela diz que ele ser\u00e1 feito na hora certa. Antes de come\u00e7ar o treino de espada, sem avisar, Dalfom parte para cima de Aridai, que apara os golpes com escudo. Aridai ataca o irm\u00e3o. Em um dos golpes, a espada fura a defesa de Dalfom e o corta no rosto. Eles continuam lutando.<\/p>\n<p>Aridai desarma o irm\u00e3o e resolve ir embora para n\u00e3o acontecer um desastre. Assuero e Ham\u00e3 bebem vinho. Ham\u00e3 elogia o banquete. Assuero pergunta a Ester qual \u00e9 sua peti\u00e7\u00e3o. Ester diz ao rei que far\u00e1 seu pedido no dia seguinte durante outro banquete. Ham\u00e3 fica lisonjeado com o convite. A s\u00f3s, Ester e Assuero beijam-se apaixonados. Rebecca explica a Joel que Aridai \u00e9 um bom mo\u00e7o e n\u00e3o pode responder pelas a\u00e7\u00f5es do pai e do irm\u00e3o. Quinl\u00e1 explica a Ester que a lei j\u00e1 foi decretada e um decreto do rei n\u00e3o pode ser anulado. Ester diz que sua \u00fanica certeza \u00e9 sua f\u00e9. Assuero n\u00e3o consegue dormir e tenta entender que pedido levou Ester a arriscar a pr\u00f3pria vida o procurando sem ser chamada. Em ora\u00e7\u00e3o, Ester pede a Deus para que seja encontrada uma maneira de livrar os judeus de um tr\u00e1gico destino.<\/p>\n<p>Assuero escuta a leitura sobre o \u00faltimo ato her\u00f3ico registrado: a amea\u00e7a \u00e0 sua vida por Bigt\u00e3 e Teres. Assuero pergunta ao escriba o que foi feito para honrar Mordecai. Escriba diz que n\u00e3o h\u00e1 registro de nenhuma recompensa no livro. Assuero pergunta a Ham\u00e3 o que o rei deve fazer a um homem a quem deseja honrar. Ham\u00e3, que acha que \u00e9 com ele, aconselha Assuero a pedir para que o pr\u00edncipe mais nobre leve o homem a quem deseja honrar a cavalo, vestido com o traje real, pelas ruas da cidade. Assuero manda Ham\u00e3 preparar as roupas e o cavalo e buscar Mordecai em sua casa. Ham\u00e3 leva Mordecai, devidamente vestido, para passear a cavalo. Ham\u00e3 conduz o cavalo e grita que assim se faz ao homem a quem o rei deseja honrar. O povo assiste Ham\u00e3 prestando honras a Mordecai.<\/p>\n<p>Zeres e Dalfom ficam envergonhados ao verem Ham\u00e3. Em meio \u00e0 multid\u00e3o, Aridai e Ana trocam um olhar e um sorriso sem que ningu\u00e9m os veja. Ester fica feliz ao saber por Ruben que Mordecai est\u00e1 sendo homenageado pelas ruas de Sus\u00e3.\u00a0 Ham\u00e3 diz a Zeres e Dalfom que Mordecai vai pagar com a vida pela humilha\u00e7\u00e3o que o fez passar. Zeres implora para Ham\u00e3 n\u00e3o ir ao banquete e afirma que a ru\u00edna dele est\u00e1 pr\u00f3xima. Aridai beija a barriga de Ana e promete \u00e0 amada que eles fugir\u00e3o de Sus\u00e3. Ana confessa a Aridai que n\u00e3o v\u00ea sa\u00edda para eles. Ap\u00f3s o banquete, Ester pede pra Assuero poupar sua vida e a de seu povo. Ela fala que o inimigo quer aniquil\u00e1-los de vez. Assuero pergunta a rainha quem \u00e9 o inimigo do povo dela que tramou tal inf\u00e2mia.\u00a0<\/p>\n<p>A Hist\u00f3ria de Ester \u2013 resumo do pen\u00faltimo cap\u00edtulo<\/p>\n","protected":false},"excerpt":{"rendered":"<p>A Hist\u00f3ria de Ester \u2013 nesta ter\u00e7a-feira, 30\/03, no cap\u00edtulo 9 de A Hist\u00f3ria de Ester, a Guarda d\u00e1 ordens para prenderem Ester, pois ningu\u00e9m pode entrar na sala do rei sem ser chamado. Assuero manda os guardas se afastarem de Ester e levanta seu cetro pra ela. Ester convida Assuero para ir ao banquete [&hellip;]<\/p>\n","protected":false},"author":3,"featured_media":25144,"comment_status":"open","ping_status":"open","sticky":false,"template":"","format":"standard","meta":{"tdm_status":"","tdm_grid_status":"","footnotes":""},"categories":[22,379,371,343],"tags":[],"class_list":{"0":"post-25143","1":"post","2":"type-post","3":"status-publish","4":"format-standard","5":"has-post-thumbnail","7":"category-brasil","8":"category-novelas","9":"category-rede-record","10":"category-televisao"},"_links":{"self":[{"href":"https:\/\/migracao.redenoticia.com.br\/noticia\/wp-json\/wp\/v2\/posts\/25143","targetHints":{"allow":["GET"]}}],"collection":[{"href":"https:\/\/migracao.redenoticia.com.br\/noticia\/wp-json\/wp\/v2\/posts"}],"about":[{"href":"https:\/\/migracao.redenoticia.com.br\/noticia\/wp-json\/wp\/v2\/types\/post"}],"author":[{"embeddable":true,"href":"https:\/\/migracao.redenoticia.com.br\/noticia\/wp-json\/wp\/v2\/users\/3"}],"replies":[{"embeddable":true,"href":"https:\/\/migracao.redenoticia.com.br\/noticia\/wp-json\/wp\/v2\/comments?post=25143"}],"version-history":[{"count":0,"href":"https:\/\/migracao.redenoticia.com.br\/noticia\/wp-json\/wp\/v2\/posts\/25143\/revisions"}],"wp:featuredmedia":[{"embeddable":true,"href":"https:\/\/migracao.redenoticia.com.br\/noticia\/wp-json\/wp\/v2\/media\/25144"}],"wp:attachment":[{"href":"https:\/\/migracao.redenoticia.com.br\/noticia\/wp-json\/wp\/v2\/media?parent=25143"}],"wp:term":[{"taxonomy":"category","embeddable":true,"href":"https:\/\/migracao.redenoticia.com.br\/noticia\/wp-json\/wp\/v2\/categories?post=25143"},{"taxonomy":"post_tag","embeddable":true,"href":"https:\/\/migracao.redenoticia.com.br\/noticia\/wp-json\/wp\/v2\/tags?post=25143"}],"curies":[{"name":"wp","href":"https:\/\/api.w.org\/{rel}","templated":true}]}}