{"id":2518,"date":"2009-06-07T19:35:03","date_gmt":"2009-06-07T23:35:03","guid":{"rendered":"http:\/\/www.redenoticia.com.br\/noticia\/?p=2518"},"modified":"2009-06-07T19:35:03","modified_gmt":"2009-06-07T23:35:03","slug":"brasil-tem-confirmado-36-casos-de-influenza-a-h1n1","status":"publish","type":"post","link":"https:\/\/migracao.redenoticia.com.br\/noticia\/2009\/brasil-tem-confirmado-36-casos-de-influenza-a-h1n1\/2518","title":{"rendered":"Brasil tem confirmado 36 casos de influenza A (H1N1)"},"content":{"rendered":"<p>Ocorr\u00eancias de casos humanos de influenza A (H1N1) \u2013 7 de junho de 09<\/p>\n<p>1. O Minist\u00e9rio da Sa\u00fade informa que foi confirmado um novo caso de infec\u00e7\u00e3o pelo v\u00edrus Influenza A (H1N1), no estado do Rio de Janeiro.<\/p>\n<p>2. O paciente apresentou os sintomas da doen\u00e7a ap\u00f3s retornar de viagem ao Canad\u00e1. Est\u00e1 em isolamento domiciliar e passam bem. Pessoas que tiveram contato pr\u00f3ximo com o paciente est\u00e3o em monitoramento.<\/p>\n<p>3. Com o novo caso registrado neste domingo (7), o total de confirmados no pa\u00eds chega a 36. Os casos foram registrados nos estados de S\u00e3o Paulo (15), Rio de Janeiro (9), Santa Catarina (5), Mato Grosso (2), Tocantins (3), Minas Gerais (1) e Rio Grande do Sul (1). Para TODOS os casos confirmados, est\u00e3o sendo realizados busca ativa e monitoramento de todas as pessoas que estabeleceram contato pr\u00f3ximo com os pacientes.<\/p>\n<p>4.    Outros 45 CASOS SUSPEITOS de Influenza A (H1N1) est\u00e3o sendo acompanhados pelo Minist\u00e9rio da Sa\u00fade, em todo o pa\u00eds. As amostras com secre\u00e7\u00f5es respirat\u00f3rias dos pacientes est\u00e3o em an\u00e1lise laboratorial.<\/p>\n<p>5.    Os casos suspeitos est\u00e3o nos estados de S\u00e3o Paulo (17), Minas Gerais (1), Paran\u00e1 (4), Rio de Janeiro (5), Rio Grande do Norte (2), Rond\u00f4nia (2), Distrito Federal (3), Esp\u00edrito Santo (2), Pernambuco (1), Santa Catarina (6) e Goi\u00e1s (2).<\/p>\n<p>6.    At\u00e9 o momento, 411 casos foram DESCARTADOS (veja tabela).<\/p>\n<p>7. Os n\u00fameros referem-se a informa\u00e7\u00f5es repassadas pelas Secretarias Estaduais de Sa\u00fade at\u00e9 as 13h deste domingo (7)<\/p>\n","protected":false},"excerpt":{"rendered":"<p>Ocorr\u00eancias de casos humanos de influenza A (H1N1) \u2013 7 de junho de 09 1. O Minist\u00e9rio da Sa\u00fade informa que foi confirmado um novo caso de infec\u00e7\u00e3o pelo v\u00edrus Influenza A (H1N1), no estado do Rio de Janeiro. 2. O paciente apresentou os sintomas da doen\u00e7a ap\u00f3s retornar de viagem ao Canad\u00e1. Est\u00e1 em [&hellip;]<\/p>\n","protected":false},"author":2,"featured_media":0,"comment_status":"open","ping_status":"open","sticky":false,"template":"","format":"standard","meta":{"tdm_status":"","tdm_grid_status":"","footnotes":""},"categories":[22,5],"tags":[],"class_list":{"0":"post-2518","1":"post","2":"type-post","3":"status-publish","4":"format-standard","6":"category-brasil","7":"category-saude-e-vida"},"_links":{"self":[{"href":"https:\/\/migracao.redenoticia.com.br\/noticia\/wp-json\/wp\/v2\/posts\/2518","targetHints":{"allow":["GET"]}}],"collection":[{"href":"https:\/\/migracao.redenoticia.com.br\/noticia\/wp-json\/wp\/v2\/posts"}],"about":[{"href":"https:\/\/migracao.redenoticia.com.br\/noticia\/wp-json\/wp\/v2\/types\/post"}],"author":[{"embeddable":true,"href":"https:\/\/migracao.redenoticia.com.br\/noticia\/wp-json\/wp\/v2\/users\/2"}],"replies":[{"embeddable":true,"href":"https:\/\/migracao.redenoticia.com.br\/noticia\/wp-json\/wp\/v2\/comments?post=2518"}],"version-history":[{"count":0,"href":"https:\/\/migracao.redenoticia.com.br\/noticia\/wp-json\/wp\/v2\/posts\/2518\/revisions"}],"wp:attachment":[{"href":"https:\/\/migracao.redenoticia.com.br\/noticia\/wp-json\/wp\/v2\/media?parent=2518"}],"wp:term":[{"taxonomy":"category","embeddable":true,"href":"https:\/\/migracao.redenoticia.com.br\/noticia\/wp-json\/wp\/v2\/categories?post=2518"},{"taxonomy":"post_tag","embeddable":true,"href":"https:\/\/migracao.redenoticia.com.br\/noticia\/wp-json\/wp\/v2\/tags?post=2518"}],"curies":[{"name":"wp","href":"https:\/\/api.w.org\/{rel}","templated":true}]}}