{"id":2525,"date":"2009-06-08T06:45:52","date_gmt":"2009-06-08T10:45:52","guid":{"rendered":"http:\/\/www.redenoticia.com.br\/noticia\/?p=2525"},"modified":"2009-06-07T22:47:41","modified_gmt":"2009-06-08T02:47:41","slug":"governador-cassol-de-rondonia-declara-apoio-ao-terceiro-mandato","status":"publish","type":"post","link":"https:\/\/migracao.redenoticia.com.br\/noticia\/2009\/governador-cassol-de-rondonia-declara-apoio-ao-terceiro-mandato\/2525","title":{"rendered":"Governador Cassol de Rond\u00f4nia declara apoio ao terceiro mandato"},"content":{"rendered":"<p class=\"MsoNormal\" style=\"background: white none repeat scroll 0%;\"><span style=\"font-size: 11pt; font-family: Arial;\">A reforma pol\u00edtica tem sido discutida pelos representantes eleitos, por pr\u00e9-candidatos e integrantes de partido em Rond\u00f4nia. Entre os principais assuntos em debate est\u00e3o a lista fechada, o terceiro mandato e o financiamento p\u00fablico de campanha.<\/span><\/p>\n<p class=\"MsoNormal\"><strong><span style=\"font-size: 11pt; font-family: Arial;\">Terceiro Mandato<\/span><\/strong><\/p>\n<p class=\"MsoNormal\"><span style=\"font-size: 11pt; font-family: Arial;\">Ivo Cassol (sem partido), Governador de Rond\u00f4nia, \u00e9 totalmente favor\u00e1vel ao terceiro mandato. Segundo ele \u201cquem faz um bom governo merece a chance de continuar\u201d. No caso de Rond\u00f4nia, Cassol afirmou \u201ccom mais quatro anos de governo, eu transformaria Rond\u00f4nia num dos Estados mais desenvolvidos do Brasil\u201d.<\/span><\/p>\n<p class=\"MsoNormal\"><span style=\"font-size: 11pt; font-family: Arial;\">Jo\u00e3o Durval (PP), os deputados Anselmo de Jesus (PT) e Jesualdo Pires (PSB), e o presidente da Associa\u00e7\u00e3o Rondoniense dos Munic\u00edpios (AROM) e Prefeito de Alvorada D\u2019oeste Laerte Gomes(PR) consideram salutar a altern\u00e2ncia nos cargos executivos.<\/span><\/p>\n<p class=\"MsoNormal\"><strong><span style=\"font-size: 11pt; font-family: Arial;\">Lista Fechada<\/span><\/strong><\/p>\n<p class=\"MsoNormal\"><span style=\"font-size: 11pt; font-family: Arial;\">O Deputado Estadual Jesualdo Pires (PSB), questionado sobre a reforma pol\u00edtica no que tange a Lista Fechada, se declara totalmente contra. Para Jesualdo o poder econ\u00f4mico do candidato seria fator preponderante e influenciaria a escolha pelo partido.<\/span><\/p>\n<p class=\"MsoNormal\"><span style=\"font-size: 11pt; font-family: Arial;\">Recentemente o Senador Expedito Junior (PR) tamb\u00e9m se declarou contra. Segundo Expedito, a decis\u00e3o do povo tem que ser respeitada e, se o eleitor escolhe um candidato este deve assumir o mandato e n\u00e3o o escolhido do partido.<\/span><\/p>\n<p class=\"MsoNormal\"><span style=\"font-size: 11pt; font-family: Arial;\">J\u00e1 o deputado federal Anselmo de Jesus (PT), questionado sobre o mesmo assunto, concorda com a reforma e acha que a fiscaliza\u00e7\u00e3o da campanha fica facilitada, por\u00e9m, n\u00e3o acha vi\u00e1vel para as pr\u00f3ximas elei\u00e7\u00f5es por se tratarem de altera\u00e7\u00f5es profundas e mudan\u00e7a de conceito.<\/span><\/p>\n<p><span style=\"font-size: 11pt; font-family: Arial; color: black;\">O presidente do Diret\u00f3rio Municipal do <span>PMDB<\/span> em <span>Ji<\/span>&#8211;<span>Paran\u00e1<\/span>, <span>Ricardo Vieira<\/span><\/span><span style=\"font-size: 11pt; font-family: Arial;\">, se declara contra por achar que o Brasil ainda n\u00e3o est\u00e1 preparado para esta mudan\u00e7a.<\/span><\/p>\n","protected":false},"excerpt":{"rendered":"<p>A reforma pol\u00edtica tem sido discutida pelos representantes eleitos, por pr\u00e9-candidatos e integrantes de partido em Rond\u00f4nia. Entre os principais assuntos em debate est\u00e3o a lista fechada, o terceiro mandato e o financiamento p\u00fablico de campanha. Terceiro Mandato Ivo Cassol (sem partido), Governador de Rond\u00f4nia, \u00e9 totalmente favor\u00e1vel ao terceiro mandato. Segundo ele \u201cquem faz [&hellip;]<\/p>\n","protected":false},"author":3,"featured_media":0,"comment_status":"open","ping_status":"open","sticky":false,"template":"","format":"standard","meta":{"tdm_status":"","tdm_grid_status":"","footnotes":""},"categories":[22],"tags":[],"class_list":{"0":"post-2525","1":"post","2":"type-post","3":"status-publish","4":"format-standard","6":"category-brasil"},"_links":{"self":[{"href":"https:\/\/migracao.redenoticia.com.br\/noticia\/wp-json\/wp\/v2\/posts\/2525","targetHints":{"allow":["GET"]}}],"collection":[{"href":"https:\/\/migracao.redenoticia.com.br\/noticia\/wp-json\/wp\/v2\/posts"}],"about":[{"href":"https:\/\/migracao.redenoticia.com.br\/noticia\/wp-json\/wp\/v2\/types\/post"}],"author":[{"embeddable":true,"href":"https:\/\/migracao.redenoticia.com.br\/noticia\/wp-json\/wp\/v2\/users\/3"}],"replies":[{"embeddable":true,"href":"https:\/\/migracao.redenoticia.com.br\/noticia\/wp-json\/wp\/v2\/comments?post=2525"}],"version-history":[{"count":0,"href":"https:\/\/migracao.redenoticia.com.br\/noticia\/wp-json\/wp\/v2\/posts\/2525\/revisions"}],"wp:attachment":[{"href":"https:\/\/migracao.redenoticia.com.br\/noticia\/wp-json\/wp\/v2\/media?parent=2525"}],"wp:term":[{"taxonomy":"category","embeddable":true,"href":"https:\/\/migracao.redenoticia.com.br\/noticia\/wp-json\/wp\/v2\/categories?post=2525"},{"taxonomy":"post_tag","embeddable":true,"href":"https:\/\/migracao.redenoticia.com.br\/noticia\/wp-json\/wp\/v2\/tags?post=2525"}],"curies":[{"name":"wp","href":"https:\/\/api.w.org\/{rel}","templated":true}]}}