{"id":25253,"date":"2010-03-29T20:07:51","date_gmt":"2010-03-30T00:07:51","guid":{"rendered":"http:\/\/www.redenoticia.com.br\/noticia\/?p=25253"},"modified":"2018-08-13T10:48:47","modified_gmt":"2018-08-13T13:48:47","slug":"votacao-em-finalistas-do-bbb-10-movimenta-enquetes","status":"publish","type":"post","link":"https:\/\/migracao.redenoticia.com.br\/noticia\/2010\/votacao-em-finalistas-do-bbb-10-movimenta-enquetes\/25253","title":{"rendered":"Vota\u00e7\u00e3o em finalistas do BBB 10 movimenta enquetes"},"content":{"rendered":"<p><strong><em><img loading=\"lazy\" decoding=\"async\" class=\"alignleft size-full wp-image-22134\" title=\"BBB 10 Rede Globo\" src=\"https:\/\/migracao.redenoticia.com.br\/noticia\/imagens\/BBB-10-Rede-Globo.jpg\" alt=\"\" width=\"300\" height=\"193\" srcset=\"https:\/\/migracao.redenoticia.com.br\/noticia\/imagens\/BBB-10-Rede-Globo.jpg 300w, https:\/\/migracao.redenoticia.com.br\/noticia\/imagens\/BBB-10-Rede-Globo-250x161.jpg 250w, https:\/\/migracao.redenoticia.com.br\/noticia\/imagens\/BBB-10-Rede-Globo-150x97.jpg 150w\" sizes=\"auto, (max-width: 300px) 100vw, 300px\" \/>BBB 10<\/em><\/strong> \u2013 neste domingo (28\/03) foi definido <strong><em>ao vivo<\/em><\/strong> pela Rede <strong><em>Globo<\/em><\/strong> que Dourado, Cadu e Fernanda s\u00e3o os <strong><em>finalistas<\/em><\/strong> do BBB 10. Desde que foi aberta a <strong><em>vota\u00e7\u00e3o<\/em><\/strong> para o p\u00fablico decidir o vencedor, a disputa est\u00e1 acirrada entre <strong><em>Dourado<\/em><\/strong> e <strong><em>Fernanda<\/em><\/strong>, segundo as enquetes dos grandes portais. Eles est\u00e3o sendo votados pelo p\u00fablico BBB 10 e, nesta ter\u00e7a-feira, \u00e0s 17h30 na <a href=\"http:\/\/televisao.uol.com.br\/bbb\/bbb10\/enquetes\/enquete_fotos.jhtm?id=8130\" target=\"_blank\">enquete <strong><em>UOL<\/em><\/strong><\/a> , Fernanda e Dourado estavam praticamente empatados em n\u00famero de votos para ganhar o pr\u00eamio principal. Com 1.980.608\u00a0votos, 41,31% preferiam Fernanda, 41,69% Dourado e apenas 17,00% Cadu. Na <a href=\"http:\/\/enquete.ig.com.br\/enquete_cache\/5301-5400\/5349.html\" target=\"_blank\">enquete IG Babado<\/a> a vota\u00e7\u00e3o estava favorecendo Dourado. Com <strong><span style=\"font-weight: normal;\">669.401<\/span><\/strong>\u00a0votos \u00e0s 17h33, 47% votaram em Dourado, 40% em Fernanda, e apenas 13% votaram em Cadu.<\/p>\n<p>A vota\u00e7\u00e3o oficial para definir o vencedor do BBB 10 continua no endere\u00e7o da Globo BBB 10 (<a href=\"http:\/\/bbb.globo.com\/BBB10\/Paredao\/Votacao\/0,,17411-p-2852,00.html\" target=\"_blank\">Clique Aqui<\/a>) at\u00e9 o programa da noite desta ter\u00e7a-feira, quando ser\u00e1 apresentado o resultado no meio do show com Ivete Sangalo.<\/p>\n<p>O pr\u00eamio para os tr\u00eas finalistas est\u00e1 maior. O vencedor da disputa BBB 10 levar\u00e1 para casa R$ 1,5 milh\u00e3o, livre de impostos. O segundo colocado leva R$ 150 mil e o terceiro, R$ 50 mil. De 2005 at\u00e9 o ano passado, os pr\u00eamios eram, respectivamente, de R$ 1 milh\u00e3o, R$ 100 mil e R$ 30 mil. Mas n\u00e3o s\u00f3 os finalistas ganham no BBB.<\/p>\n<p>BBB 10 \u2013 Vota\u00e7\u00e3o<\/p>\n","protected":false},"excerpt":{"rendered":"<p>BBB 10 \u2013 neste domingo (28\/03) foi definido ao vivo pela Rede Globo que Dourado, Cadu e Fernanda s\u00e3o os finalistas do BBB 10. Desde que foi aberta a vota\u00e7\u00e3o para o p\u00fablico decidir o vencedor, a disputa est\u00e1 acirrada entre Dourado e Fernanda, segundo as enquetes dos grandes portais. Eles est\u00e3o sendo votados pelo [&hellip;]<\/p>\n","protected":false},"author":3,"featured_media":22134,"comment_status":"open","ping_status":"open","sticky":false,"template":"","format":"standard","meta":{"tdm_status":"","tdm_grid_status":"","footnotes":""},"categories":[520,22,375,343],"tags":[],"class_list":{"0":"post-25253","1":"post","2":"type-post","3":"status-publish","4":"format-standard","5":"has-post-thumbnail","7":"category-big-brother-brasil","8":"category-brasil","9":"category-rede-globo","10":"category-televisao"},"_links":{"self":[{"href":"https:\/\/migracao.redenoticia.com.br\/noticia\/wp-json\/wp\/v2\/posts\/25253","targetHints":{"allow":["GET"]}}],"collection":[{"href":"https:\/\/migracao.redenoticia.com.br\/noticia\/wp-json\/wp\/v2\/posts"}],"about":[{"href":"https:\/\/migracao.redenoticia.com.br\/noticia\/wp-json\/wp\/v2\/types\/post"}],"author":[{"embeddable":true,"href":"https:\/\/migracao.redenoticia.com.br\/noticia\/wp-json\/wp\/v2\/users\/3"}],"replies":[{"embeddable":true,"href":"https:\/\/migracao.redenoticia.com.br\/noticia\/wp-json\/wp\/v2\/comments?post=25253"}],"version-history":[{"count":0,"href":"https:\/\/migracao.redenoticia.com.br\/noticia\/wp-json\/wp\/v2\/posts\/25253\/revisions"}],"wp:featuredmedia":[{"embeddable":true,"href":"https:\/\/migracao.redenoticia.com.br\/noticia\/wp-json\/wp\/v2\/media\/22134"}],"wp:attachment":[{"href":"https:\/\/migracao.redenoticia.com.br\/noticia\/wp-json\/wp\/v2\/media?parent=25253"}],"wp:term":[{"taxonomy":"category","embeddable":true,"href":"https:\/\/migracao.redenoticia.com.br\/noticia\/wp-json\/wp\/v2\/categories?post=25253"},{"taxonomy":"post_tag","embeddable":true,"href":"https:\/\/migracao.redenoticia.com.br\/noticia\/wp-json\/wp\/v2\/tags?post=25253"}],"curies":[{"name":"wp","href":"https:\/\/api.w.org\/{rel}","templated":true}]}}