{"id":25288,"date":"2010-03-31T10:51:47","date_gmt":"2010-03-31T14:51:47","guid":{"rendered":"http:\/\/www.redenoticia.com.br\/noticia\/?p=25288"},"modified":"2010-03-31T10:51:47","modified_gmt":"2010-03-31T14:51:47","slug":"melhores-alunos-prouni-ganharao-bolsas-no-exterior","status":"publish","type":"post","link":"https:\/\/migracao.redenoticia.com.br\/noticia\/2010\/melhores-alunos-prouni-ganharao-bolsas-no-exterior\/25288","title":{"rendered":"Melhores alunos ProUni ganhar\u00e3o bolsas no exterior"},"content":{"rendered":"<p><img loading=\"lazy\" decoding=\"async\" class=\"alignleft size-full wp-image-23011\" title=\"prouni resultado inscricao\" src=\"https:\/\/migracao.redenoticia.com.br\/noticia\/imagens\/prouni-inscricao.jpg\" alt=\"\" width=\"300\" height=\"193\" srcset=\"https:\/\/migracao.redenoticia.com.br\/noticia\/imagens\/prouni-inscricao.jpg 300w, https:\/\/migracao.redenoticia.com.br\/noticia\/imagens\/prouni-inscricao-250x160.jpg 250w, https:\/\/migracao.redenoticia.com.br\/noticia\/imagens\/prouni-inscricao-150x96.jpg 150w\" sizes=\"auto, (max-width: 300px) 100vw, 300px\" \/>ProUni &#8211; A partir do primeiro semestre de 2011, o Programa Universidade para Todos (<strong><em>ProUni<\/em><\/strong>) vai oferecer vagas em institui\u00e7\u00f5es estrangeiras para alunos brasileiros carentes e com alto desempenho escolar. A Portaria n\u00ba 381, que cria o m\u00f3dulo internacional do ProUni, est\u00e1 publicada na edi\u00e7\u00e3o desta ter\u00e7a-feira, 30, no Di\u00e1rio Oficial da Uni\u00e3o. Os estudantes selecionados para os cursos de gradua\u00e7\u00e3o ter\u00e3o benef\u00edcios como isen\u00e7\u00e3o de taxas, passagens a\u00e9reas ida e volta para o Brasil, seguro sa\u00fade e bolsas para as despesas com mensalidade e alimenta\u00e7\u00e3o.<\/p>\n<p>O Minist\u00e9rio da Educa\u00e7\u00e3o e a institui\u00e7\u00e3o estrangeira v\u00e3o definir os mecanismos de concess\u00e3o de bolsas de estudo, os crit\u00e9rios espec\u00edficos a serem preenchidos e demais benef\u00edcios at\u00e9 a conclus\u00e3o do curso de gradua\u00e7\u00e3o. H\u00e1 v\u00e1rias universidades, tanto nos Estados Unidos e Europa, interessadas no ProUni Internacional. \u201c\u00c9 um grande programa de inclus\u00e3o de estudantes brasileiros pobres no ensino terci\u00e1rio, o primeiro no Brasil por iniciativa governamental\u201d, explica Leonardo Barchini, assessor para Assuntos Internacionais no MEC.<\/p>\n<p>As negocia\u00e7\u00f5es com as universidades estrangeiras interessadas ser\u00e3o individualizadas. \u201cTemos de saber o que a institui\u00e7\u00e3o vai oferecer e o que o MEC, por meio da Capes (Funda\u00e7\u00e3o Coordena\u00e7\u00e3o de Aperfei\u00e7oamento de Pessoal de N\u00edvel Superior) ter\u00e1 de complementar para arcar com as despesas da gradua\u00e7\u00e3o dos estudantes brasileiros\u201d, ressalta Barchini. Em contrapartida, as universidades brasileiras tamb\u00e9m poder\u00e3o receber estudantes estrangeiros.<\/p>\n<p>A Universidade de Salamanca, na Espanha, \u00e9 a primeira a participar do ProUni Internacional. Ser\u00e3o oferecidas 40 vagas, ao longo de quatro anos, para os alunos brasileiros carentes que tiverem as melhores notas nas provas do Enem. No final de abril, os 10 primeiros estudantes brasileiros beneficiados pelo programa embarcam para a Espanha. Ainda no Brasil, eles j\u00e1 iniciaram com professora da Universidade de Salamanca um curso para aprender a l\u00edngua espanhola.<\/p>\n<p>Assessoria de Comunica\u00e7\u00e3o Social<\/p>\n","protected":false},"excerpt":{"rendered":"<p>ProUni &#8211; A partir do primeiro semestre de 2011, o Programa Universidade para Todos (ProUni) vai oferecer vagas em institui\u00e7\u00f5es estrangeiras para alunos brasileiros carentes e com alto desempenho escolar. A Portaria n\u00ba 381, que cria o m\u00f3dulo internacional do ProUni, est\u00e1 publicada na edi\u00e7\u00e3o desta ter\u00e7a-feira, 30, no Di\u00e1rio Oficial da Uni\u00e3o. Os estudantes [&hellip;]<\/p>\n","protected":false},"author":3,"featured_media":23011,"comment_status":"open","ping_status":"open","sticky":false,"template":"","format":"standard","meta":{"tdm_status":"","tdm_grid_status":"","footnotes":""},"categories":[22,370,295],"tags":[],"class_list":{"0":"post-25288","1":"post","2":"type-post","3":"status-publish","4":"format-standard","5":"has-post-thumbnail","7":"category-brasil","8":"category-inscricao","9":"category-vestibular"},"_links":{"self":[{"href":"https:\/\/migracao.redenoticia.com.br\/noticia\/wp-json\/wp\/v2\/posts\/25288","targetHints":{"allow":["GET"]}}],"collection":[{"href":"https:\/\/migracao.redenoticia.com.br\/noticia\/wp-json\/wp\/v2\/posts"}],"about":[{"href":"https:\/\/migracao.redenoticia.com.br\/noticia\/wp-json\/wp\/v2\/types\/post"}],"author":[{"embeddable":true,"href":"https:\/\/migracao.redenoticia.com.br\/noticia\/wp-json\/wp\/v2\/users\/3"}],"replies":[{"embeddable":true,"href":"https:\/\/migracao.redenoticia.com.br\/noticia\/wp-json\/wp\/v2\/comments?post=25288"}],"version-history":[{"count":0,"href":"https:\/\/migracao.redenoticia.com.br\/noticia\/wp-json\/wp\/v2\/posts\/25288\/revisions"}],"wp:featuredmedia":[{"embeddable":true,"href":"https:\/\/migracao.redenoticia.com.br\/noticia\/wp-json\/wp\/v2\/media\/23011"}],"wp:attachment":[{"href":"https:\/\/migracao.redenoticia.com.br\/noticia\/wp-json\/wp\/v2\/media?parent=25288"}],"wp:term":[{"taxonomy":"category","embeddable":true,"href":"https:\/\/migracao.redenoticia.com.br\/noticia\/wp-json\/wp\/v2\/categories?post=25288"},{"taxonomy":"post_tag","embeddable":true,"href":"https:\/\/migracao.redenoticia.com.br\/noticia\/wp-json\/wp\/v2\/tags?post=25288"}],"curies":[{"name":"wp","href":"https:\/\/api.w.org\/{rel}","templated":true}]}}