{"id":2529,"date":"2009-06-07T20:51:44","date_gmt":"2009-06-08T00:51:44","guid":{"rendered":"http:\/\/www.redenoticia.com.br\/noticia\/?p=2529"},"modified":"2009-06-08T20:53:09","modified_gmt":"2009-06-09T00:53:09","slug":"campanha-recebe-apoio-dos-supermercados-de-ji-parana","status":"publish","type":"post","link":"https:\/\/migracao.redenoticia.com.br\/noticia\/2009\/campanha-recebe-apoio-dos-supermercados-de-ji-parana\/2529","title":{"rendered":"Campanha recebe apoio dos supermercados de Ji-Paran\u00e1"},"content":{"rendered":"<p class=\"MsoNormal\"><span style=\"font-size: 11pt; font-family: Arial;\">\u201cSeja Positivo\u201d<span> <\/span>\u00e9 o nome da campanha lan\u00e7ada em Ji-Paran\u00e1 para facilitar a coleta e reciclagem de pilhas, baterias e l\u00e2mpadas fluorescentes usadas.<\/span><\/p>\n<p class=\"MsoNormal\"><span style=\"font-size: 11pt; font-family: Arial;\">Segundo informa\u00e7\u00e3o da Associa\u00e7\u00e3o Comercial e Industrial de Ji-Paran\u00e1 (Acijip), os supermercados Bom dia, S\u00e3o Jo\u00e3o, Tai T-14, Jeeda, Irm\u00e3os Gon\u00e7alves eTai Max v\u00e3o instalar coletores em local vis\u00edvel para permitir a devolu\u00e7\u00e3o destes objetos.<\/span><\/p>\n<p class=\"MsoNormal\"><span style=\"font-size: 11pt; font-family: Arial;\">Os itens descartados ser\u00e3o armazenados at\u00e9 serem repassadas aos fabricantes, os quais se responsabilizam pelo correto descarte e pela reciclagem.<\/span><\/p>\n<p class=\"MsoNormal\"><span style=\"font-size: 11pt; font-family: Arial;\">Os coletores podem receber todos os tipos de pilhas e baterias usadas, inclusive de rel\u00f3gios e celulares.<\/span><\/p>\n<p class=\"MsoNormal\"><span style=\"font-size: 11pt; font-family: Arial;\">A campanha foi idealizada e viabilizada por diversas entidades de Ji-Paran\u00e1 (RO) como a Secretaria Municipal de Agricultura e Meio Ambiente (Semagri), Secretaria de Desenvolvimento Ambiental (Sedam Rond\u00f4nia), Emater, Associa\u00e7\u00e3o Comercial e Industrial de Ji-Paran\u00e1 (Acijip) e Organiza\u00e7\u00f5es N\u00e3o-governamentais (Ong\u2019s).<\/span><\/p>\n<p class=\"MsoNormal\"><span style=\"font-size: 11pt; font-family: Arial;\">Credita-se a cria\u00e7\u00e3o e produ\u00e7\u00e3o publicit\u00e1ria aos acad\u00eamicos e professores do curso de Comunica\u00e7\u00e3o Social da Ulbra.<\/span><\/p>\n","protected":false},"excerpt":{"rendered":"<p>\u201cSeja Positivo\u201d \u00e9 o nome da campanha lan\u00e7ada em Ji-Paran\u00e1 para facilitar a coleta e reciclagem de pilhas, baterias e l\u00e2mpadas fluorescentes usadas. Segundo informa\u00e7\u00e3o da Associa\u00e7\u00e3o Comercial e Industrial de Ji-Paran\u00e1 (Acijip), os supermercados Bom dia, S\u00e3o Jo\u00e3o, Tai T-14, Jeeda, Irm\u00e3os Gon\u00e7alves eTai Max v\u00e3o instalar coletores em local vis\u00edvel para permitir a [&hellip;]<\/p>\n","protected":false},"author":3,"featured_media":0,"comment_status":"open","ping_status":"open","sticky":false,"template":"","format":"standard","meta":{"tdm_status":"","tdm_grid_status":"","footnotes":""},"categories":[22],"tags":[],"class_list":{"0":"post-2529","1":"post","2":"type-post","3":"status-publish","4":"format-standard","6":"category-brasil"},"_links":{"self":[{"href":"https:\/\/migracao.redenoticia.com.br\/noticia\/wp-json\/wp\/v2\/posts\/2529","targetHints":{"allow":["GET"]}}],"collection":[{"href":"https:\/\/migracao.redenoticia.com.br\/noticia\/wp-json\/wp\/v2\/posts"}],"about":[{"href":"https:\/\/migracao.redenoticia.com.br\/noticia\/wp-json\/wp\/v2\/types\/post"}],"author":[{"embeddable":true,"href":"https:\/\/migracao.redenoticia.com.br\/noticia\/wp-json\/wp\/v2\/users\/3"}],"replies":[{"embeddable":true,"href":"https:\/\/migracao.redenoticia.com.br\/noticia\/wp-json\/wp\/v2\/comments?post=2529"}],"version-history":[{"count":0,"href":"https:\/\/migracao.redenoticia.com.br\/noticia\/wp-json\/wp\/v2\/posts\/2529\/revisions"}],"wp:attachment":[{"href":"https:\/\/migracao.redenoticia.com.br\/noticia\/wp-json\/wp\/v2\/media?parent=2529"}],"wp:term":[{"taxonomy":"category","embeddable":true,"href":"https:\/\/migracao.redenoticia.com.br\/noticia\/wp-json\/wp\/v2\/categories?post=2529"},{"taxonomy":"post_tag","embeddable":true,"href":"https:\/\/migracao.redenoticia.com.br\/noticia\/wp-json\/wp\/v2\/tags?post=2529"}],"curies":[{"name":"wp","href":"https:\/\/api.w.org\/{rel}","templated":true}]}}