{"id":2531,"date":"2009-06-08T10:02:15","date_gmt":"2009-06-08T14:02:15","guid":{"rendered":"http:\/\/www.redenoticia.com.br\/noticia\/?p=2531"},"modified":"2009-06-08T10:02:15","modified_gmt":"2009-06-08T14:02:15","slug":"ministerio-da-saude-usara-internet-para-atrair-doadores-de-sangue","status":"publish","type":"post","link":"https:\/\/migracao.redenoticia.com.br\/noticia\/2009\/ministerio-da-saude-usara-internet-para-atrair-doadores-de-sangue\/2531","title":{"rendered":"Minist\u00e9rio da Saude usar\u00e1 internet para atrair doadores de sangue"},"content":{"rendered":"<p>O Minist\u00e9rio da Sa\u00fade lan\u00e7a nesta segunda, dia 8 de junho, a Campanha Nacional de Doa\u00e7\u00e3o de Sangue. Com o slogan \u201cEntre para a Corrente Sangu\u00ednea. Doe e convide algu\u00e9m a doar\u201d, a id\u00e9ia \u00e9 transformar o ato de doar em um h\u00e1bito de vida saud\u00e1vel. Para aumentar o n\u00famero de doadores e torn\u00e1-los freq\u00fcentes, o MS aposta no \u201cconvite\u201d de doadores a outras pessoas. \u201cQueremos contar com o envolvimento de todos que j\u00e1 doam sangue e pedir para que eles convidem mais algu\u00e9m para doar. Com isso criaremos uma corrente, onde cada doador chama mais um doador\u201d, explica Guilherme Genovez, respons\u00e1vel pela Coordena\u00e7\u00e3o da Pol\u00edtica Nacional de Sangue e Hemoderivados do Minist\u00e9rio da Sa\u00fade.<br \/>\nPela primeira vez, a campanha vai buscar os diversos p\u00fablicos da Internet. Comunidades virtuais como blogs, Orkut, Twitter, MSN e Google ser\u00e3o utilizados como ferramentas de comunica\u00e7\u00e3o para sensibilizar os poss\u00edveis doadores. Tamb\u00e9m ser\u00e3o veiculados filmes na TV aberta e nos cinemas, al\u00e9m dos spots em 27 r\u00e1dios das capitais e em pra\u00e7as do interior do pa\u00eds.<br \/>\nCerca de 1,8% da popula\u00e7\u00e3o brasileira j\u00e1 doou sangue nos \u00faltimos cinco anos. Os homens s\u00e3o respons\u00e1veis por mais de 70% das doa\u00e7\u00f5es e os jovens entre 18 e 29 anos correspondem a 50% dos doadores. \u201cO jovem \u00e9 um ator fundamental nessa corrente. Eles s\u00e3o os que mais t\u00eam h\u00e1bito de vida saud\u00e1vel e os que conseguem mobilizar os amigos e os conhecidos\u201d, diz Genovez.<br \/>\nEm 2008, foram registrados 3,1 milh\u00f5es de doa\u00e7\u00f5es de sangue. Apesar de representar um percentual m\u00e9dio de doa\u00e7\u00f5es nos \u00faltimos cinco anos, o Brasil opera em constante estado de emerg\u00eancia no que diz respeito aos estoques de sangue.  Todos os dias milhares de procedimentos hospitalares s\u00e3o realizados e, em muitos deles, o sangue est\u00e1 presente. Por isso, \u00e9 necess\u00e1rio que sempre haja estoque nos hemocentros que recebem o sangue de doadores volunt\u00e1rios.<br \/>\nO Brasil \u00e9 um pa\u00eds de refer\u00eancia em seguran\u00e7a transfusional. Ap\u00f3s a doa\u00e7\u00e3o, o sangue \u00e9 submetido a nove tipos de exames, capazes de identificar doen\u00e7as como a aids, s\u00edfilis, doen\u00e7a de Chagas e hepatites. O doador tamb\u00e9m passa por um exame cl\u00ednico que inclui uma entrevista. Nela, \u00e9 verificado se o paciente n\u00e3o apresentou algum comportamento de risco, como ser usu\u00e1rio de drogas ou ter praticado sexo sem prote\u00e7\u00e3o. Se isso aconteceu, ele \u00e9 automaticamente descartado como doador. Todos os hemocentros prestam orienta\u00e7\u00f5es sobre os cuidados antes que o sangue seja doado.  <\/p>\n<p>DOA\u00c7\u00c3O \u2013 Para ser um doador de sangue, a pessoa tem que ser saud\u00e1vel, ter entre 18 e 60 anos, pesar mais de 50 quilos e n\u00e3o ter sido contaminado por doen\u00e7a transmiss\u00edvel. A recomenda\u00e7\u00e3o do Minist\u00e9rio da Sa\u00fade \u00e9 que as pessoas doem sangue, no m\u00e1ximo, tr\u00eas vezes ao ano. Os homens podem doar a cada tr\u00eas meses e as mulheres, a cada quatro meses, devido aos intervalos do ciclo menstrual.<br \/>\nCada doador contribui com 450 mililitros de sangue, que \u00e9 colocado numa bolsa pl\u00e1stica lacrada para evitar a contamina\u00e7\u00e3o e armazenado em geladeiras especiais, onde a temperatura \u00e9 regulada. Se o resultado dos exames for negativo para todas as doen\u00e7as, o sangue pode ser usado pelos pr\u00f3ximos trinta dias, quando vence a validade. Mas, a utiliza\u00e7\u00e3o \u00e9 t\u00e3o requisitada que dificilmente fica guardado por mais de uma semana.<br \/>\nA transfus\u00e3o \u00e9 necess\u00e1ria em cirurgias de grande porte, como as pontes de safena, tamb\u00e9m para hemof\u00edlicos, para pessoas que sofrem de c\u00e2ncer e se submetem \u00e0 quimioterapia e para pacientes de hemodi\u00e1lise. No total, s\u00e3o cinco milh\u00f5es de transfus\u00f5es por ano. O sangue tamb\u00e9m \u00e9 usado para a produ\u00e7\u00e3o de rem\u00e9dios hemoderivados, como os fatores de coagula\u00e7\u00e3o.<br \/>\n\u201cA doa\u00e7\u00e3o \u00e9 um ato c\u00edvico, um comprometimento social. O sangue \u00e9 um bem que n\u00e3o pode ser produzido artificialmente e somos obrigados a coletar de um indiv\u00edduo para utilizar em outro. \u00c9 importante que a popula\u00e7\u00e3o crie uma cultura de doa\u00e7\u00e3o. para mantermos os estoques de sangue seguros durante todo o ano\u201d, diz Genovez.<\/p>\n","protected":false},"excerpt":{"rendered":"<p>O Minist\u00e9rio da Sa\u00fade lan\u00e7a nesta segunda, dia 8 de junho, a Campanha Nacional de Doa\u00e7\u00e3o de Sangue. Com o slogan \u201cEntre para a Corrente Sangu\u00ednea. Doe e convide algu\u00e9m a doar\u201d, a id\u00e9ia \u00e9 transformar o ato de doar em um h\u00e1bito de vida saud\u00e1vel. Para aumentar o n\u00famero de doadores e torn\u00e1-los freq\u00fcentes, [&hellip;]<\/p>\n","protected":false},"author":2,"featured_media":0,"comment_status":"open","ping_status":"open","sticky":false,"template":"","format":"standard","meta":{"tdm_status":"","tdm_grid_status":"","footnotes":""},"categories":[22,5],"tags":[],"class_list":{"0":"post-2531","1":"post","2":"type-post","3":"status-publish","4":"format-standard","6":"category-brasil","7":"category-saude-e-vida"},"_links":{"self":[{"href":"https:\/\/migracao.redenoticia.com.br\/noticia\/wp-json\/wp\/v2\/posts\/2531","targetHints":{"allow":["GET"]}}],"collection":[{"href":"https:\/\/migracao.redenoticia.com.br\/noticia\/wp-json\/wp\/v2\/posts"}],"about":[{"href":"https:\/\/migracao.redenoticia.com.br\/noticia\/wp-json\/wp\/v2\/types\/post"}],"author":[{"embeddable":true,"href":"https:\/\/migracao.redenoticia.com.br\/noticia\/wp-json\/wp\/v2\/users\/2"}],"replies":[{"embeddable":true,"href":"https:\/\/migracao.redenoticia.com.br\/noticia\/wp-json\/wp\/v2\/comments?post=2531"}],"version-history":[{"count":0,"href":"https:\/\/migracao.redenoticia.com.br\/noticia\/wp-json\/wp\/v2\/posts\/2531\/revisions"}],"wp:attachment":[{"href":"https:\/\/migracao.redenoticia.com.br\/noticia\/wp-json\/wp\/v2\/media?parent=2531"}],"wp:term":[{"taxonomy":"category","embeddable":true,"href":"https:\/\/migracao.redenoticia.com.br\/noticia\/wp-json\/wp\/v2\/categories?post=2531"},{"taxonomy":"post_tag","embeddable":true,"href":"https:\/\/migracao.redenoticia.com.br\/noticia\/wp-json\/wp\/v2\/tags?post=2531"}],"curies":[{"name":"wp","href":"https:\/\/api.w.org\/{rel}","templated":true}]}}